{"id":210,"date":"2022-08-28T19:24:26","date_gmt":"2022-08-28T16:24:26","guid":{"rendered":"https:\/\/www.kehitysvammaliitto.fi\/opike\/?p=210"},"modified":"2022-08-28T20:30:43","modified_gmt":"2022-08-28T17:30:43","slug":"opikkeen-verkkosivut-on-uudistettu","status":"publish","type":"post","link":"https:\/\/www.kehitysvammaliitto.fi\/opike\/opikkeen-verkkosivut-on-uudistettu\/","title":{"rendered":"Opikkeen verkkosivut on uudistettu!"},"content":{"rendered":"<p>Tervetuloa Opikkeen uudistetuille sivuille. Opikkeessa tehd\u00e4\u00e4n materiaaleja kuntoutuksen, kasvatuksen ja opetuksen tueksi. N\u00e4ilt\u00e4 sivuilta l\u00f6yd\u00e4t tietoa meist\u00e4 ja toiminnastamme. Materiaaleihin p\u00e4\u00e4set tutustumaan verkkokaupassamme:<\/p>\r\n<p><a class=\"button read external-link\" href=\"https:\/\/opike.fi\/\" target=\"_blank\" rel=\"noopener\">Siirry Opikkeen verkkokauppaan<\/a><\/p>\r\n<p>\u00a0<\/p>\r\n<p>\u00a0<\/p>\n","protected":false},"excerpt":{"rendered":"Tervetuloa Opikkeen uudistetuille sivuille. Opikkeessa tehd\u00e4\u00e4n materiaaleja kuntoutuksen, kasvatuksen ja opetuksen tueksi. N\u00e4ilt\u00e4 sivuilta l\u00f6yd\u00e4t tietoa meist\u00e4 ja toiminnastamme. Materiaaleihin p\u00e4\u00e4set tutustumaan verkkokaupassamme: Siirry Opikkeen verkkokauppaan \u00a0 \u00a0","protected":false},"author":12,"featured_media":209,"comment_status":"open","ping_status":"open","sticky":false,"template":"","format":"standard","meta":{"footnotes":""},"categories":[3],"tags":[],"class_list":["post-210","post","type-post","status-publish","format-standard","has-post-thumbnail","hentry","category-ajankohtaista"],"_links":{"self":[{"href":"https:\/\/www.kehitysvammaliitto.fi\/opike\/wp-json\/wp\/v2\/posts\/210","targetHints":{"allow":["GET"]}}],"collection":[{"href":"https:\/\/www.kehitysvammaliitto.fi\/opike\/wp-json\/wp\/v2\/posts"}],"about":[{"href":"https:\/\/www.kehitysvammaliitto.fi\/opike\/wp-json\/wp\/v2\/types\/post"}],"author":[{"embeddable":true,"href":"https:\/\/www.kehitysvammaliitto.fi\/opike\/wp-json\/wp\/v2\/users\/12"}],"replies":[{"embeddable":true,"href":"https:\/\/www.kehitysvammaliitto.fi\/opike\/wp-json\/wp\/v2\/comments?post=210"}],"version-history":[{"count":0,"href":"https:\/\/www.kehitysvammaliitto.fi\/opike\/wp-json\/wp\/v2\/posts\/210\/revisions"}],"wp:featuredmedia":[{"embeddable":true,"href":"https:\/\/www.kehitysvammaliitto.fi\/opike\/wp-json\/wp\/v2\/media\/209"}],"wp:attachment":[{"href":"https:\/\/www.kehitysvammaliitto.fi\/opike\/wp-json\/wp\/v2\/media?parent=210"}],"wp:term":[{"taxonomy":"category","embeddable":true,"href":"https:\/\/www.kehitysvammaliitto.fi\/opike\/wp-json\/wp\/v2\/categories?post=210"},{"taxonomy":"post_tag","embeddable":true,"href":"https:\/\/www.kehitysvammaliitto.fi\/opike\/wp-json\/wp\/v2\/tags?post=210"}],"curies":[{"name":"wp","href":"https:\/\/api.w.org\/{rel}","templated":true}]}}