{"id":249,"date":"2023-01-26T11:33:00","date_gmt":"2023-01-26T09:33:00","guid":{"rendered":"https:\/\/www.kehitysvammaliitto.fi\/opike\/?p=249"},"modified":"2024-11-22T08:26:34","modified_gmt":"2024-11-22T06:26:34","slug":"opike-kouluttaa-vuonna-2023","status":"publish","type":"post","link":"https:\/\/www.kehitysvammaliitto.fi\/opike\/opike-kouluttaa-vuonna-2023\/","title":{"rendered":"Opike kouluttaa vuonna 2023"},"content":{"rendered":"<h2>Selke\u00e4sti samaan suuntaan \u2013 saavutettavaa ja yhdenvertaista erityisopetusta.<\/h2>\r\n<p>Opetushallituksen tukemaa maksutonta t\u00e4ydennyskoulutusta opetushenkil\u00f6st\u00f6lle.<\/p>\r\n<h3>Selkokieli opetuksessa (alkanut 8.2.2023)<\/h3>\r\n<p>Koulutus antaa osallistujalle kattavat tiedot selkokielest\u00e4 sek\u00e4 valmiudet hy\u00f6dynt\u00e4\u00e4 kirjoitettua ja puhuttua selkokielt\u00e4 ja selkokielisi\u00e4 oppimateriaaleja ty\u00f6ss\u00e4\u00e4n.<\/p>\r\n<p>Koulutuksessa perehdyt\u00e4\u00e4n selkokieleen, sen k\u00e4ytt\u00e4j\u00e4ryhmiin ja periaatteisiin. Lis\u00e4ksi tutustutaan saavutettavuuteen, selkojulkaisun ulkoasuun ja kuvitukseen sek\u00e4 selkopuheeseen ja -vuorovaikutukseen. Selkokielen k\u00e4ytt\u00f6mahdollisuuksia havainnollistetaan monipuolisten esimerkkien kautta. Koulutus antaa runsaasti tietoa opetusty\u00f6ss\u00e4 hy\u00f6dyllisist\u00e4 valmiista selkomateriaaleista.<\/p>\r\n<p><em>Koulutus on t\u00e4ynn\u00e4<\/em>.\u00a0<\/p>\r\n<h3>Kaikille saavutettavaa opetusta \u2013 hy\u00f6dynn\u00e4 selkokielt\u00e4 ja digity\u00f6v\u00e4lineit\u00e4 (alkanut 13.2.2023)<\/h3>\r\n<p>Selkokieli osiossa perehdyt\u00e4\u00e4n kirjoitetun ja puhutun selkokielen perusteisiin sek\u00e4 selkojulkaisujen ulkoasuun. Osiossa tutustutaan my\u00f6s selkokielisiin materiaaleihin ja niiden hy\u00f6dynt\u00e4miseen opetuksessa.<\/p>\r\n<p>Digity\u00f6v\u00e4lineet osiossa tutustutaan Microsoft 0365 -helppok\u00e4ytt\u00f6toimintoihin ja saavutettavuusominaisuuksiin sek\u00e4 monikanavaisiin palveluihin. Painopisteen\u00e4 kehitt\u00e4\u00e4 osallistujien digi- ja ohjaustaitoja erilaisten oppijoiden tarpeet huomioiden ja lis\u00e4t\u00e4 tietoutta saavutettavuudesta.<\/p>\r\n<p>Koulutus on k\u00e4yt\u00e4nn\u00f6nl\u00e4heinen ja sis\u00e4lt\u00e4\u00e4 harjoituksia sek\u00e4 ty\u00f6skentely\u00e4 et\u00e4jaksoilla.<\/p>\r\n<p><em>Koulutus on t\u00e4ynn\u00e4.<\/em><\/p>\r\n<h3>Erityisoppija osalliseksi luovin menetelmin (alkanut 23.3.2023)<\/h3>\r\n<p>Koulutuksessa perehdyt\u00e4\u00e4n erityisopetuksessa hy\u00f6dynnett\u00e4viin sovelluksiin (iPad), jotka vahvistavat erityist\u00e4 tukea tarvitsevan oppijan osallisuutta ja vuorovaikutusta. Painopiste on kehitt\u00e4\u00e4 osallistujien omia digitaitoja ja rohkaista heit\u00e4 uudistamaan opetustaan oppilaita aktivoivampaan suuntaan.<\/p>\r\n<p>Koulutuksessa jaetaan hyvi\u00e4 k\u00e4yt\u00e4nteit\u00e4, opetusideoita ja kokemuksia, joissa erityist\u00e4 tukea tarvitsevat oppilaat ovat aktiivisia toimijoita ja heid\u00e4n osallisuuttaan vahvistetaan. Koulutus on k\u00e4yt\u00e4nn\u00f6nl\u00e4heinen, opetusty\u00f6h\u00f6n l\u00e4heisesti liittyv\u00e4 ja sit\u00e4 kehitt\u00e4v\u00e4, et\u00e4jaksoilla testataan uusia osallisuutta tukevia sovelluksia ja opetusideoita.<\/p>\r\n<p><em>Koulutus on t\u00e4ynn\u00e4.<\/em><\/p>\r\n<h3>Selkokirjoittamisen ty\u00f6paja opettajalle:\u00a0 (alkaa 19.4.2023)<\/h3>\r\n<p>Koulutus on tarkoitettu opetusalan ammattilaisille, joilla on jo perustiedot selkokielest\u00e4 ja saavutettavuudesta. K\u00e4yt\u00e4nn\u00f6nl\u00e4heisess\u00e4 koulutuksessa syvennet\u00e4\u00e4n selkokirjoittamisen taitoa ja suunnitellaan oma selkokielinen oppimateriaali.<\/p>\r\n<p>Ty\u00f6pajassa tutustutaan esimerkkeihin erilaisista selkojulkaisuista ja tehd\u00e4\u00e4n monipuolisia kirjoitusharjoituksia. P\u00e4\u00e4paino on osallistujien omassa selkomateriaalin tarpeessa. Osallistujat pohtivat, millaista selkokielist\u00e4 sis\u00e4lt\u00f6\u00e4 he tarvitsevat ty\u00f6ss\u00e4\u00e4n, mit\u00e4 heid\u00e4n pit\u00e4\u00e4 huomioida selkokielist\u00e4 materiaalia suunnitellessaan ja miten he voivat edet\u00e4 suunnitelmista k\u00e4yt\u00e4nt\u00f6\u00f6n.<\/p>\r\n<p><em>Koulutus on t\u00e4ynn\u00e4.<\/em><\/p>\r\n<p>Artikkelin kuva: Schutterstock<\/p>\n","protected":false},"excerpt":{"rendered":"Selke\u00e4sti samaan suuntaan \u2013 saavutettavaa ja yhdenvertaista erityisopetusta. Opetushallituksen tukemaa maksutonta t\u00e4ydennyskoulutusta opetushenkil\u00f6st\u00f6lle. Selkokieli opetuksessa (alkanut 8.2.2023) Koulutus antaa osallistujalle kattavat tiedot selkokielest\u00e4 sek\u00e4 valmiudet hy\u00f6dynt\u00e4\u00e4 kirjoitettua ja puhuttua selkokielt\u00e4 ja selkokielisi\u00e4 oppimateriaaleja ty\u00f6ss\u00e4\u00e4n. Koulutuksessa perehdyt\u00e4\u00e4n selkokieleen, sen k\u00e4ytt\u00e4j\u00e4ryhmiin ja periaatteisiin. Lis\u00e4ksi tutustutaan saavutettavuuteen, selkojulkaisun ulkoasuun ja kuvitukseen sek\u00e4 selkopuheeseen ja -vuorovaikutukseen. Selkokielen k\u00e4ytt\u00f6mahdollisuuksia havainnollistetaan [&hellip;]","protected":false},"author":12,"featured_media":254,"comment_status":"open","ping_status":"open","sticky":false,"template":"","format":"standard","meta":{"footnotes":""},"categories":[1],"tags":[],"class_list":["post-249","post","type-post","status-publish","format-standard","has-post-thumbnail","hentry","category-yleinen"],"_links":{"self":[{"href":"https:\/\/www.kehitysvammaliitto.fi\/opike\/wp-json\/wp\/v2\/posts\/249","targetHints":{"allow":["GET"]}}],"collection":[{"href":"https:\/\/www.kehitysvammaliitto.fi\/opike\/wp-json\/wp\/v2\/posts"}],"about":[{"href":"https:\/\/www.kehitysvammaliitto.fi\/opike\/wp-json\/wp\/v2\/types\/post"}],"author":[{"embeddable":true,"href":"https:\/\/www.kehitysvammaliitto.fi\/opike\/wp-json\/wp\/v2\/users\/12"}],"replies":[{"embeddable":true,"href":"https:\/\/www.kehitysvammaliitto.fi\/opike\/wp-json\/wp\/v2\/comments?post=249"}],"version-history":[{"count":0,"href":"https:\/\/www.kehitysvammaliitto.fi\/opike\/wp-json\/wp\/v2\/posts\/249\/revisions"}],"wp:featuredmedia":[{"embeddable":true,"href":"https:\/\/www.kehitysvammaliitto.fi\/opike\/wp-json\/wp\/v2\/media\/254"}],"wp:attachment":[{"href":"https:\/\/www.kehitysvammaliitto.fi\/opike\/wp-json\/wp\/v2\/media?parent=249"}],"wp:term":[{"taxonomy":"category","embeddable":true,"href":"https:\/\/www.kehitysvammaliitto.fi\/opike\/wp-json\/wp\/v2\/categories?post=249"},{"taxonomy":"post_tag","embeddable":true,"href":"https:\/\/www.kehitysvammaliitto.fi\/opike\/wp-json\/wp\/v2\/tags?post=249"}],"curies":[{"name":"wp","href":"https:\/\/api.w.org\/{rel}","templated":true}]}}