{"id":347,"date":"2024-08-15T12:47:42","date_gmt":"2024-08-15T09:47:42","guid":{"rendered":"https:\/\/www.kehitysvammaliitto.fi\/opike\/?p=347"},"modified":"2024-11-22T08:25:48","modified_gmt":"2024-11-22T06:25:48","slug":"opikkeen-suositut-etakoulutukset-jatkuvat","status":"publish","type":"post","link":"https:\/\/www.kehitysvammaliitto.fi\/opike\/opikkeen-suositut-etakoulutukset-jatkuvat\/","title":{"rendered":"Opikkeen suositut et\u00e4koulutukset jatkuvat"},"content":{"rendered":"<p>Opikkeen monipuoliset koulutukset jatkuvat j\u00e4lleen. Opetushallituksen tukemat maksuttomat t\u00e4ydennyskoulutukset on suunnattu varhaiskasvatuksen, esiopetuksen, perusopetuksen ja vapaan sivistysty\u00f6n henkil\u00f6st\u00f6lle.\u00a0 Koulutukset toteutetaan verkossa iltap\u00e4ivisin, ja ne koostuvat viidest\u00e4-kahdeksasta koulutuskerrasta.\u00a0\u00a0<\/p>\r\n<p>Tutustu kohderyhm\u00e4si koulutuksiin ja ilmoittaudu mukaan! Huomioi, ett\u00e4 koulutuksiin otetaan rajoitettu m\u00e4\u00e4r\u00e4 osallistujia. Jos koulutus on t\u00e4ynn\u00e4, voit ilmoittautua jonoon. Olemme yhteydess\u00e4, jos koulutuksesta vapautuu paikka.<\/p>\r\n<h4><a href=\"https:\/\/www.kehitysvammaliitto.fi\/koulutus\/koulutuskalenteri\/?a=view&amp;id=1068\">Erityist\u00e4 tukea tarvitsevan oppilaan vuorovaikutuksen ja kommunikoinnin tukeminen (2,5 op)<\/a><\/h4>\r\n<h5>11.9.2024 \u2013 20.11.2024<\/h5>\r\n<h6>Koulutuksen kohderyhm\u00e4: <strong>ala-koulun opettajat ja ohjaajat, joilla on erityist\u00e4 tukea tarvitsevia oppilaita opetusryhmiss\u00e4.<\/strong><\/h6>\r\n<p>K\u00e4yt\u00e4nn\u00f6nl\u00e4heinen koulutus tarjoaa opettajille ja ohjaajille uutta tietoa ja ideoita vuorovaikutuksen ja kommunikoinnin tukemiseen oppilaiden kanssa, jotka hy\u00f6tyv\u00e4t puhetta tukevista ja korvaavista kommunikointikeinoista.\u00a0<\/p>\r\n<p>Koulutus sis\u00e4lt\u00e4\u00e4 runsaasti esimerkkej\u00e4 puhetta tukevista ja korvaavista kommunikointikeinoista, kun ryhm\u00e4ss\u00e4 on erityist\u00e4 tukea tarvitsevia oppilaita. Koulutuksessa perehdyt\u00e4\u00e4n kommunikoinnin ja vuorovaikutuksen haasteisiin opetustilanteissa sek\u00e4 siihen, mill\u00e4 tavalla kuvia, kommunikointikansioita ja tukiviittomia voidaan k\u00e4ytt\u00e4\u00e4 kommunikoinnin ja osallistumisen tukena opetuksessa ja vapaammissa sosiaalisissa tilanteissa.<\/p>\r\n<h4><a href=\"https:\/\/www.kehitysvammaliitto.fi\/koulutus\/koulutuskalenteri\/?a=view&amp;id=1095\">Selkokieli opetuksen tukena (2 op)<\/a><\/h4>\r\n<h5>25.9.2024 \u2013 26.11.2024<\/h5>\r\n<h6>Koulutuksen kohderyhm\u00e4: <strong>Varhaiskasvatuksen, esiopetuksen, perusopetuksen, lukion, ammatillisen opetuksen ja vapaan sivistysty\u00f6n henkil\u00f6st\u00f6.<\/strong><\/h6>\r\n<p>K\u00e4yt\u00e4nn\u00f6nl\u00e4heisess\u00e4 koulutuksessa perehdyt\u00e4\u00e4n selkokieleen eri n\u00e4k\u00f6kulmista ja tehd\u00e4\u00e4n paljon pohdintateht\u00e4vi\u00e4 yhdess\u00e4. Koulutuksessa k\u00e4sitell\u00e4\u00e4n seuraavia teemoja:<\/p>\r\n<ul>\r\n\t<li>selkokieli \u2013 mit\u00e4 ja kenelle\u00a0<\/li>\r\n\t<li>selkokirjoittamisen ohjeita\u00a0<\/li>\r\n\t<li>selkomateriaalit opetuksessa\u00a0<\/li>\r\n\t<li>saavutettavan selkojulkaisun ulkoasu ja kuvitus\u00a0<\/li>\r\n\t<li>selkokielinen puhe ja vuorovaikutus opetuksessa.<\/li>\r\n<\/ul>\r\n<p>Osallistujat tekev\u00e4t koulutuksen aikana itsen\u00e4isesti yhden laajemman selkokirjoitusteht\u00e4v\u00e4n, josta saa palautetta kouluttajalta ja toiselta osallistujalta.\u202f<\/p>\r\n<h4><a href=\"https:\/\/www.kehitysvammaliitto.fi\/koulutus\/koulutuskalenteri\/?a=view&amp;id=1096\">Onnistumisilla kohti tasa-arvoista musisointia (2,5 op)<\/a><\/h4>\r\n<h5>1.10.2024 \u2013 13.3.2025<\/h5>\r\n<h6>Koulutuksen kohderyhm\u00e4:<strong> Varhaiskasvatuksen, esiopetuksen, perusopetuksen ja vapaan sivistysty\u00f6n henkil\u00f6st\u00f6.<\/strong><\/h6>\r\n<p>K\u00e4yt\u00e4nn\u00f6nl\u00e4heinen koulutus tarjoaa v\u00e4lineit\u00e4 aktiiviseen musisointiin inklusiivisissa ryhmiss\u00e4, opetuksen suunnitteluun ja musiikin ty\u00f6tapojen monipuoliseen k\u00e4ytt\u00f6\u00f6n. Siin\u00e4 perehdyt\u00e4\u00e4n oppimisen haasteisiin, yksil\u00f6llist\u00e4misen ja vuorovaikutuksen merkitykseen, onnistuneen opetuksen periaatteisiin ja musisointia helpottaviin keinoihin (esim. kuvionuotit). Lis\u00e4ksi tutustutaan musiikinopetuksen ty\u00f6tapoihin ja musiikillisen kasvun malliin, jotka auttavat opetusprosessin laatimisessa. Koulutus tarjoaa k\u00e4yt\u00e4nteit\u00e4, joiden avulla aktiivinen musiikkitoiminta onnistuu my\u00f6s inklusiivisissa ryhmiss\u00e4.\u00a0<\/p>\r\n<p>Osallistuminen ei edellyt\u00e4 aikaisempia musiikillisia tietoja tai taitoja ja sopii siksi esim. opettajille, jotka ep\u00e4r\u00f6iv\u00e4t omaa osaamistaan musiikin opettajina. Kouluttajina ovat suomalaiset alan huiput. Joissakin opetustilanteissa n\u00e4hd\u00e4\u00e4n kehitysvammaisia muusikoita.<\/p>\r\n<h4><a href=\"https:\/\/www.kehitysvammaliitto.fi\/koulutus\/koulutuskalenteri\/?a=view&amp;id=1075\">Yhdenvertaista ja yksil\u00f6llist\u00e4 ohjausta erityisopetuksessa (2 op)<\/a><\/h4>\r\n<h5>29.10.2024 \u2013 26.11.2024<\/h5>\r\n<h6>Koulutuksen kohderyhm\u00e4: <strong>Perusopetuksen, nivelvaiheen ja ammatillisen opetuksen erityisopettajat ja opinto-ohjaajat sek\u00e4 s2-opettajat.<\/strong><\/h6>\r\n<p>Koulutus jakautuu kahteen eri osuuteen: vuorovaikutus ja selkokieli (2 koulutuskertaa) sek\u00e4 opinto-ohjaus (3 koulutuskertaa). Osuudet t\u00e4ydent\u00e4v\u00e4t toisiaan ja antavat osallistujalle ideoita ohjauksen oman \u201dty\u00f6kalupakin\u201d kokoamiseen koulutuksen aikana.\u00a0<\/p>\r\n<p>Selkokieli-osuudessa tutustutaan teorian ja harjoitusten avulla my\u00f6s selkokielisen puheen ja vuorovaikutuksen ohjeisiin ja miten niit\u00e4 voi hy\u00f6dynt\u00e4\u00e4 ohjauksen vuorovaikutustilanteissa. Lis\u00e4ksi luodaan lyhyt katsaus kirjoitettuun selkokieleen ja selkokielen tarvitsijoihin.<\/p>\r\n<p>Opo-osuus antaa uusia n\u00e4k\u00f6kulmia ja ty\u00f6kaluja sek\u00e4 hakuvaiheen opinto-ohjaukseen (perusopetus + nivelvaihe) ett\u00e4 opintojen aikaiseen opinto-ohjaukseen (ammatillinen koulutus). Keskeisi\u00e4 aiheita ovat esimerkiksi RUORI -arviointimenetelm\u00e4n hy\u00f6dynt\u00e4minen tuen tarpeen tunnistamisessa ja yksil\u00f6llisten opintopolkujen suunnittelussa sek\u00e4 saavutettavan opetuksen ja ohjauksen satelliittimalli TELMA-koulutuksessa.\u00a0<\/p>\r\n<p>K\u00e4yt\u00e4nn\u00f6nl\u00e4heinen koulutus sis\u00e4lt\u00e4\u00e4 esityksi\u00e4 ja kokemuspuheenvuoroja sek\u00e4 harjoituksia ja ty\u00f6skentely\u00e4 niin koulutuskertojen aikana kuin et\u00e4jaksoilla.<\/p>\r\n<h4>\u00a0<\/h4>\r\n<p>\u00a0<\/p>\n","protected":false},"excerpt":{"rendered":"Opikkeen monipuoliset koulutukset jatkuvat j\u00e4lleen. Opetushallituksen tukemat maksuttomat t\u00e4ydennyskoulutukset on suunnattu varhaiskasvatuksen, esiopetuksen, perusopetuksen ja vapaan sivistysty\u00f6n henkil\u00f6st\u00f6lle.\u00a0 Koulutukset toteutetaan verkossa iltap\u00e4ivisin, ja ne koostuvat viidest\u00e4-kahdeksasta koulutuskerrasta.\u00a0\u00a0 Tutustu kohderyhm\u00e4si koulutuksiin ja ilmoittaudu mukaan! Huomioi, ett\u00e4 koulutuksiin otetaan rajoitettu m\u00e4\u00e4r\u00e4 osallistujia. Jos koulutus on t\u00e4ynn\u00e4, voit ilmoittautua jonoon. Olemme yhteydess\u00e4, jos koulutuksesta vapautuu paikka. Erityist\u00e4 tukea [&hellip;]","protected":false},"author":12,"featured_media":349,"comment_status":"closed","ping_status":"closed","sticky":false,"template":"","format":"standard","meta":{"footnotes":""},"categories":[1],"tags":[],"class_list":["post-347","post","type-post","status-publish","format-standard","has-post-thumbnail","hentry","category-yleinen"],"_links":{"self":[{"href":"https:\/\/www.kehitysvammaliitto.fi\/opike\/wp-json\/wp\/v2\/posts\/347","targetHints":{"allow":["GET"]}}],"collection":[{"href":"https:\/\/www.kehitysvammaliitto.fi\/opike\/wp-json\/wp\/v2\/posts"}],"about":[{"href":"https:\/\/www.kehitysvammaliitto.fi\/opike\/wp-json\/wp\/v2\/types\/post"}],"author":[{"embeddable":true,"href":"https:\/\/www.kehitysvammaliitto.fi\/opike\/wp-json\/wp\/v2\/users\/12"}],"replies":[{"embeddable":true,"href":"https:\/\/www.kehitysvammaliitto.fi\/opike\/wp-json\/wp\/v2\/comments?post=347"}],"version-history":[{"count":0,"href":"https:\/\/www.kehitysvammaliitto.fi\/opike\/wp-json\/wp\/v2\/posts\/347\/revisions"}],"wp:featuredmedia":[{"embeddable":true,"href":"https:\/\/www.kehitysvammaliitto.fi\/opike\/wp-json\/wp\/v2\/media\/349"}],"wp:attachment":[{"href":"https:\/\/www.kehitysvammaliitto.fi\/opike\/wp-json\/wp\/v2\/media?parent=347"}],"wp:term":[{"taxonomy":"category","embeddable":true,"href":"https:\/\/www.kehitysvammaliitto.fi\/opike\/wp-json\/wp\/v2\/categories?post=347"},{"taxonomy":"post_tag","embeddable":true,"href":"https:\/\/www.kehitysvammaliitto.fi\/opike\/wp-json\/wp\/v2\/tags?post=347"}],"curies":[{"name":"wp","href":"https:\/\/api.w.org\/{rel}","templated":true}]}}