{"id":1894,"date":"2026-04-29T08:25:44","date_gmt":"2026-04-29T05:25:44","guid":{"rendered":"https:\/\/www.kehitysvammaliitto.fi\/tikoteekki\/?p=1894"},"modified":"2026-04-29T08:59:28","modified_gmt":"2026-04-29T05:59:28","slug":"verkkolehti-tikonen-1-26-on-ilmestynyt","status":"publish","type":"post","link":"https:\/\/www.kehitysvammaliitto.fi\/tikoteekki\/verkkolehti-tikonen-1-26-on-ilmestynyt\/","title":{"rendered":"Verkkolehti Tikonen 1\/26 on ilmestynyt"},"content":{"rendered":"<p><strong>Tervetuloa lukemaan ja kommentoimaan artikkeleja osoitteessa <a href=\"https:\/\/tikonen.fi\/\">tikonen.fi<\/a>!<\/strong><\/p><ul>\r\n<li><strong>Vuosi 2026 on Tikoteekille uuden vaiheen alku.<\/strong><br><strong>Sami \u00c4lli<\/strong> on Tikoteekin uusi johtaja. H\u00e4n pohtii p\u00e4\u00e4kirjoituksessaan Kehitysvammaliiton Tikoteekin roolia ja yhteisty\u00f6n merkityst\u00e4 ajassa, jossa moni asia on muutoksessa<strong>. <a href=\"https:\/\/tikonen.fi\/aiheet\/paakirjoitus\/yhdessa-voimme-varmistaa-etta-puhevammaisten-aani-kuuluu\/\">Lue p\u00e4\u00e4kirjoitus<\/a>. <br><br><\/strong><\/li>\r\n<li><strong>Miten lapsen kommunikointia ja vuorovaikutusta koulussa voi tukea?<br>Sofia Wallin<\/strong> on ruotsalainen puheterapeutti, joka on erikoistunut puhetta tukevaan ja korvaavaan kommunikointiin. H\u00e4n oli mukana kev\u00e4\u00e4n 2026 Sillalla-seminaarissa ja k\u00e4sitteli luennoillaan kommunikointiyst\u00e4v\u00e4llisen oppimisymp\u00e4rist\u00f6n rakentamista kouluissa sek\u00e4 kommunikointikumppanien toimintatapoja osana koulun arkea. Kehitysvammaliiton Tikoteekin asiantuntija, puheterapeutti Kaisa Laine kertoo Wallinin luennoista ja pohtii, miten niiden oppeja voi soveltaa koululaisten ja muidenkin kanssa. <strong><a href=\"https:\/\/tikonen.fi\/aiheet\/tutkimus\/sofia-wallin-siirry-struktuurista-vuorovaikutukseen-nain-tuet-lapsen-kommunikointia-ja-osallistumista-koulussa\/\">Lue artikkeli Sofia Wallin: Siirry struktuurista vuorovaikutukseen \u2013 n\u00e4in tuet lapsen kommunikointia ja osallistumista koulussa<\/a>.<br><br><\/strong><\/li>\r\n<li><strong>Erityisluokanopettaja Minna Rimpil\u00e4: Koulussa t\u00e4rkeint\u00e4 ovat arjen kohtaamiset<br><\/strong>Haastattelimme Tikoseen opetusty\u00f6n konkaria, erityisluokanopettaja <strong>Minna Rimpil\u00e4\u00e4<\/strong>. H\u00e4n tekee ty\u00f6t\u00e4\u00e4n suurella syd\u00e4mell\u00e4, vankalla ammattitaidolla ja oppilasl\u00e4ht\u00f6isell\u00e4 asenteella. Rimpil\u00e4 sanoo, ett\u00e4 koulun arjessa aikuisilla pit\u00e4\u00e4 aina olla aikaa oppilaille \u2013 mutta oppilailla pit\u00e4\u00e4 olla my\u00f6s yhteist\u00e4 kaveriaikaa. Lue haastattelu, jossa on paljon k\u00e4yt\u00e4nn\u00f6n vinkkej\u00e4, mit\u00e4 kaikkea vuorovaikutus kouluty\u00f6ss\u00e4 ja oppilaiden arjessa voi olla. <strong><a href=\"https:\/\/tikonen.fi\/aiheet\/apuvalineet\/erityisluokanopettaja-minna-rimpila-koulussa-tarkeinta-ovat-arjen-kohtaamiset\/\">Lue Rimpil\u00e4n haastattelu<\/a>.<br><br><\/strong><\/li>\r\n<li><strong>Rakenna rauhaa, tue tunnetta \u2013 s\u00e4\u00e4telyn tukeminen varhaiskasvatuksessa ja koulussa<br><\/strong>Lapsen tunnes\u00e4\u00e4tely ei rakennu ohjeista eik\u00e4 vaatimuksista, vaan suhteessa. Sillalla 2026 -seminaarissa <strong>Maikku Tammisto<\/strong> muistutti, ett\u00e4 rauha, oppiminen ja joustavuus syntyv\u00e4t vuorovaikutuksessa, jossa lapsi tulee n\u00e4hdyksi, kuulluksi ja kannatelluksi. <strong><a href=\"https:\/\/tikonen.fi\/2026-nro-1\/rakenna-rauhaa-tue-tunnetta-saatelyn-tukeminen-varhaiskasvatuksessa-ja-koulussa\/\">Lue artikkeli Maikku Tammiston esityksest\u00e4 ja ajatuksista<\/a>.<br><br><\/strong><\/li>\r\n<li><strong>Tikoteekki kehitt\u00e4\u00e4: ILONA-hetket ovat lapsiperheen rentoa yhdess\u00e4oloa<\/strong><br>ILONA-hetket on Tikoteekin uusi toimintamalli ja materiaali. Se syntyi lapsiperheiden tarpeesta ja yhdess\u00e4 lapsiperheiden kanssa. ILONA-kuvakortit ja -esimerkkivideot kannustavat rentoon yhdess\u00e4oloon. Tarkoituksena on unohtaa tarkat tavoitteet \u2013 kun vietet\u00e4\u00e4n yhdess\u00e4 mukavia ja kiireett\u00f6mi\u00e4 hetki\u00e4, vuorovaikutustaidotkin kehittyv\u00e4t. <strong><a href=\"https:\/\/tikonen.fi\/aiheet\/puhevammaisuus\/tikoteekki-kehittaa-ilona-hetket-ovat-lapsiperheen-rentoa-yhdessaoloa\/\">Lue ILONA-mallista ja kehitt\u00e4misty\u00f6h\u00f6n osallistuneen lapsiperheen kokemuksista<\/a>. <br><br><\/strong><\/li>\r\n<li><strong>MAC-SIE \u2013 uusi, lupaava olemuskielisen kommunikoinnin arviointity\u00f6kalu<br><\/strong>MAC-SIE on It\u00e4vallassa kehitetty arviointimenetelm\u00e4, jonka avulla voidaan hahmottaa kommunikoinnin kehityst\u00e4 ilmaisun, ymm\u00e4rt\u00e4misen ja sosiaalisen vuorovaikutuksen osa-alueilla. Menetelm\u00e4 ei keskity puutteisiin vaan tunnistaa erityisesti henkil\u00f6n jo olemassa olevat taidot. Arviointi koostuu l\u00e4heisten haastattelusta, ammattilaisen havainnoista sek\u00e4 yksinkertaisista teht\u00e4vist\u00e4, ja sen k\u00e4ytt\u00f6 on helppoa ilman erillist\u00e4 koulutusta. Sit\u00e4 voivat hy\u00f6dynt\u00e4\u00e4 puheterapeuttien lis\u00e4ksi esimerkiksi kommunikointiohjaajat ja opettajat. <strong><a href=\"https:\/\/tikonen.fi\/aiheet\/menetelmat\/mac-sie-uusi-lupaava-olemuskielisen-kommunikoinnin-arviointityokalu\/\">Tutustu MAC-SIE-arviointity\u00f6kaluun<\/a>.<br><br><\/strong><\/li>\r\n<li><strong>Avustava tietotekniikka: Global Systems \u2013 teko\u00e4lyavusteista kuvakommunikaatiomateriaalia verkossa<br><\/strong>Global Symbols on verkkopalvelu, jonka tarkoituksena on tarjota avoin alusta AAC-symbolien ja kommunikointitaulujen luomiseen, jakamiseen ja julkaisemiseen. Palveluun on integroitu yli 30 eri symbolikirjastoa, ja lis\u00e4ksi siit\u00e4 l\u00f6ytyy beta-vaiheessa oleva teko\u00e4lyominaisuus, jonka avulla voidaan luoda uusia symboleja halutun symbolikirjaston tyylill\u00e4. <a href=\"https:\/\/tikonen.fi\/aiheet\/avustava-tietotekniikka\/avustava-tietotekniikka-global-symbols-tekoalyavusteista-kuvakommunikaatiomateriaalia-verkossa\/\"><strong>Lue Global Symbols -artikkeli<\/strong><\/a>.<br><br><\/li>\r\n<li><strong>Laulutin-laulutaulut nyt my\u00f6s s\u00e4hk\u00f6isin\u00e4 Papuri-kirjoina<br><\/strong>Papunet-sivuston Papuri-kirjaty\u00f6kalusta l\u00f6ytyy nyt Lauluttimen lauluja laulettuina. Papurissa olevan Lauluttimen kanssa voi opetella laulujen sanoja ja s\u00e4veli\u00e4. Papurin tuella voi my\u00f6s laulaa yhdess\u00e4 lasten kanssa, ja lapset voivat tehd\u00e4 tabletilta valintoja siit\u00e4, miten he haluavat laulujen etenev\u00e4n. <strong><a href=\"https:\/\/tikonen.fi\/aiheet\/uutisia\/laulutin-laulutaulut-nyt-myos-sahkoisina-papuri-kirjoina\/\">Tutustu Lauluttimeen ja ilmoittaudu maksuttomaan Laulutin-webinaariin<\/a>.<br><br><\/strong><\/li>\r\n<li><strong>Tikoteekki kouluttaa<br><\/strong>Tikoteekki tarjoaa syksyll\u00e4 2026 useita verkkokoulutuksia vuorovaikutuksen ammattilaisille. Koulutukset toteutuvat Teamsissa, pienryhmiss\u00e4 ja puolen p\u00e4iv\u00e4n kokonaisuuksina. Ne on suunniteltu suoritettaviksi ty\u00f6n ohessa, ja ne tarjoavat konkreettisia ty\u00f6kaluja vuorovaikutuksen ja l\u00e4heisten kanssa teht\u00e4v\u00e4n yhteisty\u00f6n vahvistamiseen. <strong><a href=\"https:\/\/tikonen.fi\/aiheet\/vinkit\/tikoteekki-kouluttaa\/\">Tutustu koulutuksiin ja ilmoittaudu mukaan<\/a>.<\/strong><\/li>\r\n<\/ul>\n\n","protected":false},"excerpt":{"rendered":"Tervetuloa lukemaan ja kommentoimaan artikkeleja osoitteessa tikonen.fi! Vuosi 2026 on Tikoteekille uuden vaiheen alku.Sami \u00c4lli on Tikoteekin uusi johtaja. H\u00e4n pohtii p\u00e4\u00e4kirjoituksessaan Kehitysvammaliiton Tikoteekin roolia ja yhteisty\u00f6n merkityst\u00e4 ajassa, jossa moni asia on muutoksessa. Lue p\u00e4\u00e4kirjoitus. Miten lapsen kommunikointia ja vuorovaikutusta koulussa voi tukea?Sofia Wallin on ruotsalainen puheterapeutti, joka on erikoistunut puhetta tukevaan ja korvaavaan [&hellip;]","protected":false},"author":13,"featured_media":1895,"comment_status":"open","ping_status":"open","sticky":false,"template":"","format":"standard","meta":{"footnotes":""},"categories":[5],"tags":[],"class_list":["post-1894","post","type-post","status-publish","format-standard","has-post-thumbnail","hentry","category-ajankohtaista"],"_links":{"self":[{"href":"https:\/\/www.kehitysvammaliitto.fi\/tikoteekki\/wp-json\/wp\/v2\/posts\/1894","targetHints":{"allow":["GET"]}}],"collection":[{"href":"https:\/\/www.kehitysvammaliitto.fi\/tikoteekki\/wp-json\/wp\/v2\/posts"}],"about":[{"href":"https:\/\/www.kehitysvammaliitto.fi\/tikoteekki\/wp-json\/wp\/v2\/types\/post"}],"author":[{"embeddable":true,"href":"https:\/\/www.kehitysvammaliitto.fi\/tikoteekki\/wp-json\/wp\/v2\/users\/13"}],"replies":[{"embeddable":true,"href":"https:\/\/www.kehitysvammaliitto.fi\/tikoteekki\/wp-json\/wp\/v2\/comments?post=1894"}],"version-history":[{"count":0,"href":"https:\/\/www.kehitysvammaliitto.fi\/tikoteekki\/wp-json\/wp\/v2\/posts\/1894\/revisions"}],"wp:featuredmedia":[{"embeddable":true,"href":"https:\/\/www.kehitysvammaliitto.fi\/tikoteekki\/wp-json\/wp\/v2\/media\/1895"}],"wp:attachment":[{"href":"https:\/\/www.kehitysvammaliitto.fi\/tikoteekki\/wp-json\/wp\/v2\/media?parent=1894"}],"wp:term":[{"taxonomy":"category","embeddable":true,"href":"https:\/\/www.kehitysvammaliitto.fi\/tikoteekki\/wp-json\/wp\/v2\/categories?post=1894"},{"taxonomy":"post_tag","embeddable":true,"href":"https:\/\/www.kehitysvammaliitto.fi\/tikoteekki\/wp-json\/wp\/v2\/tags?post=1894"}],"curies":[{"name":"wp","href":"https:\/\/api.w.org\/{rel}","templated":true}]}}