{"id":1972,"date":"2026-08-31T12:49:06","date_gmt":"2026-08-31T09:49:06","guid":{"rendered":"https:\/\/www.kehitysvammaliitto.fi\/tikoteekki\/?p=1972"},"modified":"2026-08-31T13:00:38","modified_gmt":"2026-08-31T10:00:38","slug":"puhevammaisella-ihmisella-on-oikeus-viestia-hanelle-tarkeista-ihmisista","status":"publish","type":"post","link":"https:\/\/www.kehitysvammaliitto.fi\/tikoteekki\/puhevammaisella-ihmisella-on-oikeus-viestia-hanelle-tarkeista-ihmisista\/","title":{"rendered":"Puhevammaisella ihmisell\u00e4 on oikeus viesti\u00e4 h\u00e4nelle t\u00e4rkeist\u00e4 ihmisist\u00e4"},"content":{"rendered":"<p class=\"MsoNormal\"><strong>Yhdenvertaisuusvaltuutettu suosittelee, ettei puhevammaisten henkil\u00f6iden kommunikointia rajoiteta kielt\u00e4m\u00e4ll\u00e4 henkil\u00f6iden valokuvien ja nimien k\u00e4ytt\u00f6\u00e4 heid\u00e4n henkil\u00f6kohtaisissa kommunikoinnin apuv\u00e4lineiss\u00e4\u00e4n. Kehitysvammaliiton Tikoteekki ja Suomen Puheterapeuttiliitto pyysiv\u00e4t yhdenvertaisuusvaltuutetun arviota sen j\u00e4lkeen, kun tuli esiin tilanteita, joissa kuvien k\u00e4ytt\u00f6 kiellettiin tietosuojaan vedoten.<\/strong><\/p><p class=\"MsoNormal\">Monet puhevammaiset lapset, nuoret ja aikuiset k\u00e4ytt\u00e4v\u00e4t kommunikointikansiota tai kommunikointisovellusta puheen tukena tai korvaavana keinona. N\u00e4iss\u00e4 henkil\u00f6kohtaisissa kommunikoinnin apuv\u00e4lineiss\u00e4 tarvitaan usein valokuvia ja nimi\u00e4 ihmisist\u00e4, jotka ovat henkil\u00f6lle t\u00e4rkeit\u00e4: perheenj\u00e4senist\u00e4, kavereista, opettajista, avustajista tai muista ty\u00f6ntekij\u00f6ist\u00e4.<\/p><p class=\"MsoNormal\">Viime vuosina on tullut esiin tilanteita, joissa n\u00e4it\u00e4 kuvia ja nimi\u00e4 on poistettu tai niiden k\u00e4ytt\u00f6 on kielletty tietosuojaan vedoten. T\u00e4m\u00e4 on vaikeuttanut puhevammaisten ihmisten mahdollisuuksia kertoa p\u00e4iv\u00e4n tapahtumista, ihmissuhteistaan, kokemuksistaan ja huolistaan.<\/p><p class=\"MsoNormal\">Yhdenvertaisuusvaltuutettu on arvioinut asiaa ja korostaa, ett\u00e4 kommunikoinnin apuv\u00e4line on t\u00e4rke\u00e4 v\u00e4line puhevammaisen ihmisen osallisuudelle, itsem\u00e4\u00e4r\u00e4\u00e4misoikeudelle ja yhdenvertaiselle osallistumiselle. Henkil\u00f6ihin viittaavien nimien ja valokuvien k\u00e4yt\u00f6n kielt\u00e4minen voi johtaa siihen, ett\u00e4 puhevammainen ihminen ei pysty kertomaan itselleen t\u00e4rkeist\u00e4 asioista samalla tavalla kuin muut. <span style=\"color: black; mso-themecolor: text1;\">N\u00e4in ollen yhdenvertaisuusvaltuutettu katsoo, ett\u00e4 k\u00e4yt\u00e4nt\u00f6, jossa henkil\u00f6kohtaisesta kommunikoinnin apuv\u00e4lineest\u00e4 kiellet\u00e4\u00e4n toisten henkil\u00f6iden nimet ja kuvat, voi olla v\u00e4lillist\u00e4 syrjint\u00e4\u00e4 vammaisuuden perusteella.<\/span><\/p><p class=\"MsoNormal\">Arvion mukaan tietosuojasta voidaan huolehtia ilman, ett\u00e4 henkil\u00f6n kommunikointia rajoitetaan. Siksi l\u00e4ht\u00f6kohtana tulisi olla henkil\u00f6iden valokuvien ja nimien k\u00e4yt\u00f6n mahdollistaminen, ei niiden kielt\u00e4minen.<\/p><p class=\"MsoNormal\"><strong>Mit\u00e4 t\u00e4m\u00e4 tarkoittaa k\u00e4yt\u00e4nn\u00f6ss\u00e4?<\/strong><\/p><ul style=\"margin-top: 0cm;\" type=\"disc\">\r\n<li class=\"MsoNormal\" style=\"mso-list: l0 level1 lfo1; tab-stops: list 36.0pt;\">Puhevammainen ihminen saa k\u00e4ytt\u00e4\u00e4 henkil\u00f6kohtaisessa kommunikoinnin apuv\u00e4lineess\u00e4\u00e4n h\u00e4nelle t\u00e4rkeiden ihmisten valokuvia ja nimi\u00e4.<\/li>\r\n<li class=\"MsoNormal\" style=\"mso-list: l0 level1 lfo1; tab-stops: list 36.0pt;\">P\u00e4iv\u00e4kodeissa, kouluissa, asumispalveluissa ja p\u00e4iv\u00e4toiminnoissa kannattaa tarkistaa mahdolliset rajoittavat k\u00e4yt\u00e4nn\u00f6t.<\/li>\r\n<li class=\"MsoNormal\" style=\"mso-list: l0 level1 lfo1; tab-stops: list 36.0pt;\">Henkil\u00f6st\u00f6n tulee tuntea sek\u00e4 tietosuojaan ett\u00e4 puhevammaisten ihmisten oikeuksiin liittyv\u00e4t n\u00e4k\u00f6kulmat.<\/li>\r\n<li class=\"MsoNormal\" style=\"mso-list: l0 level1 lfo1; tab-stops: list 36.0pt;\">Puhevammaisen ihmisen oikeus kommunikoida ja osallistua tulee asettaa p\u00e4\u00e4t\u00f6ksenteon keski\u00f6\u00f6n.<\/li>\r\n<\/ul><p class=\"MsoNormal\"><strong>Yhdenvertaisuusvaltuutettu suosittelee, ettei puhevammaisten henkil\u00f6iden kommunikointia rajoiteta kielt\u00e4m\u00e4ll\u00e4 henkil\u00f6iden valokuvien ja nimien k\u00e4ytt\u00f6\u00e4 heid\u00e4n henkil\u00f6kohtaisissa kommunikoinnin apuv\u00e4lineiss\u00e4\u00e4n. T\u00e4m\u00e4 tukee yhdenvertaisuutta, osallisuutta ja jokaisen oikeutta tulla ymm\u00e4rretyksi.<\/strong><\/p><p class=\"MsoNormal\"><strong>Rajoitusten kohteeksi joutuneella vammaisella henkil\u00f6ll\u00e4 on oikeus vied\u00e4 asia yhdenvertaisuus- ja tasa-arvolautakunnan k\u00e4sitelt\u00e4v\u00e4ksi. Lautakunta voi kielt\u00e4\u00e4 toteamansa syrjinn\u00e4n jatkamisen uhkasakkoa tehosteena k\u00e4ytt\u00e4en sek\u00e4 suositella syrjinn\u00e4n uhrille maksettavaa yhdenvertaisuuslain 23 \u00a7:n mukaista hyvityst\u00e4. <\/strong><\/p><p class=\"MsoNormal\"><a href=\"https:\/\/yhdenvertaisuusvaltuutettu.fi\/documents\/25249352\/267291641\/Kannanotto%20henkil%C3%B6ihin%20viittaavien%20kuvien%20ja%20nimien%20k%C3%A4yt%C3%B6st%C3%A4%20kommunikoinnin%20tukikeinoissa%20(pdf).pdf\/a111228b-f6c9-5ac9-6276-478b2c022fc5?version=1.0&amp;t=1783408998951\">Lue koko kannanotto t\u00e4st\u00e4: Yhdenvertaisuusvaltuutetun kannanotto henkil\u00f6ihin viittaavien kuvien ja nimien k\u00e4yt\u00f6st\u00e4 kommunikoinnin tukikeinoissa<\/a><\/p><p class=\"MsoNormal\"><strong>Lis\u00e4tietoa:<\/strong><\/p><p class=\"MsoNormal\">kaisa.laine(\u00e4t)kvl.fi<\/p><p class=\"MsoNormal\">katja.burakoff(\u00e4t)kvl.fi<\/p>\n\n","protected":false},"excerpt":{"rendered":"Yhdenvertaisuusvaltuutettu suosittelee, ettei puhevammaisten henkil\u00f6iden kommunikointia rajoiteta kielt\u00e4m\u00e4ll\u00e4 henkil\u00f6iden valokuvien ja nimien k\u00e4ytt\u00f6\u00e4 heid\u00e4n henkil\u00f6kohtaisissa kommunikoinnin apuv\u00e4lineiss\u00e4\u00e4n. Kehitysvammaliiton Tikoteekki ja Suomen Puheterapeuttiliitto pyysiv\u00e4t yhdenvertaisuusvaltuutetun arviota sen j\u00e4lkeen, kun tuli esiin tilanteita, joissa kuvien k\u00e4ytt\u00f6 kiellettiin tietosuojaan vedoten.Monet puhevammaiset lapset, nuoret ja aikuiset k\u00e4ytt\u00e4v\u00e4t kommunikointikansiota tai kommunikointisovellusta puheen tukena tai korvaavana keinona. N\u00e4iss\u00e4 henkil\u00f6kohtaisissa kommunikoinnin apuv\u00e4lineiss\u00e4 [&hellip;]","protected":false},"author":17,"featured_media":1973,"comment_status":"open","ping_status":"open","sticky":false,"template":"","format":"standard","meta":{"footnotes":""},"categories":[5],"tags":[],"class_list":["post-1972","post","type-post","status-publish","format-standard","has-post-thumbnail","hentry","category-ajankohtaista"],"_links":{"self":[{"href":"https:\/\/www.kehitysvammaliitto.fi\/tikoteekki\/wp-json\/wp\/v2\/posts\/1972","targetHints":{"allow":["GET"]}}],"collection":[{"href":"https:\/\/www.kehitysvammaliitto.fi\/tikoteekki\/wp-json\/wp\/v2\/posts"}],"about":[{"href":"https:\/\/www.kehitysvammaliitto.fi\/tikoteekki\/wp-json\/wp\/v2\/types\/post"}],"author":[{"embeddable":true,"href":"https:\/\/www.kehitysvammaliitto.fi\/tikoteekki\/wp-json\/wp\/v2\/users\/17"}],"replies":[{"embeddable":true,"href":"https:\/\/www.kehitysvammaliitto.fi\/tikoteekki\/wp-json\/wp\/v2\/comments?post=1972"}],"version-history":[{"count":0,"href":"https:\/\/www.kehitysvammaliitto.fi\/tikoteekki\/wp-json\/wp\/v2\/posts\/1972\/revisions"}],"wp:featuredmedia":[{"embeddable":true,"href":"https:\/\/www.kehitysvammaliitto.fi\/tikoteekki\/wp-json\/wp\/v2\/media\/1973"}],"wp:attachment":[{"href":"https:\/\/www.kehitysvammaliitto.fi\/tikoteekki\/wp-json\/wp\/v2\/media?parent=1972"}],"wp:term":[{"taxonomy":"category","embeddable":true,"href":"https:\/\/www.kehitysvammaliitto.fi\/tikoteekki\/wp-json\/wp\/v2\/categories?post=1972"},{"taxonomy":"post_tag","embeddable":true,"href":"https:\/\/www.kehitysvammaliitto.fi\/tikoteekki\/wp-json\/wp\/v2\/tags?post=1972"}],"curies":[{"name":"wp","href":"https:\/\/api.w.org\/{rel}","templated":true}]}}