{"id":621,"date":"2020-01-08T10:59:50","date_gmt":"2020-01-08T08:59:50","guid":{"rendered":"https:\/\/www.kehitysvammaliitto.fi\/tikoteekki\/uusitut-sivut-kommunikointipasseista\/"},"modified":"2020-01-08T11:00:39","modified_gmt":"2020-01-08T09:00:39","slug":"uusitut-sivut-kommunikointipasseista","status":"publish","type":"post","link":"https:\/\/www.kehitysvammaliitto.fi\/tikoteekki\/uusitut-sivut-kommunikointipasseista\/","title":{"rendered":"Uusitut sivut kommunikointipasseista"},"content":{"rendered":"<p>Papunetissa avattiin joulukuussa Tikoteekin tuottama osio kommunikointipasseista. Sivuilla esitell\u00e4\u00e4n erilaisia tapoja valmistaa passi k\u00e4ytt\u00e4j\u00e4ns\u00e4 n\u00e4k\u00f6iseksi. Kommunikointipassin tarkoitus on helpottaa yhteist\u00e4 vuorovaikutusta ja v\u00e4litt\u00e4\u00e4 t\u00e4rke\u00e4\u00e4 tietoa omistajastaan tiiviiss\u00e4 muodossa.<\/p><p>Uutta sivuilla on laaja kokonaisuus digitaalisista kommunikointipasseista. Digitaalisesta kommunikointipassista hy\u00f6tyv\u00e4t erityisesti varhaisten keinojen varassa viestiv\u00e4t eli olemuskielell\u00e4 viestiv\u00e4t ihmiset, joiden vuorovaikutusta ja erityisi\u00e4 tarpeita voi olla vaikea kuvailla pelk\u00e4st\u00e4\u00e4n sanallisesti. Kun kommunikointipassi tehd\u00e4\u00e4n digitaaliseen muotoon, asioista voi kertoa tekstin ja valokuvien lis\u00e4ksi video- ja \u00e4\u00e4nitallenteiden avulla.<\/p><p>Digitaalisen kommunikointipassin voi toteuttaa monella eri tavalla ja usealla eri ohjelmalla. Passin toteutustapaan vaikuttavat passin sis\u00e4ll\u00f6t sek\u00e4 k\u00e4ytt\u00f6tapa. Papunetin sivuilta l\u00f6ytyy esimerkkej\u00e4 digipasseista sek\u00e4 ohjeita niiden tekemiseen.<\/p><p><a href=\"http:\/\/papunet.net\/materiaalia\/kommunikointipassit\" target=\"_blank\" rel=\"noopener noreferrer\">Linkki Papunetin Kommunikointipassit-sivuille<\/a><\/p>\n\n","protected":false},"excerpt":{"rendered":"Papunetissa avattiin joulukuussa Tikoteekin tuottama osio kommunikointipasseista. Sivuilla esitell\u00e4\u00e4n erilaisia tapoja valmistaa passi k\u00e4ytt\u00e4j\u00e4ns\u00e4 n\u00e4k\u00f6iseksi. Kommunikointipassin tarkoitus on helpottaa yhteist\u00e4 vuorovaikutusta ja v\u00e4litt\u00e4\u00e4 t\u00e4rke\u00e4\u00e4 tietoa omistajastaan tiiviiss\u00e4 muodossa.Uutta sivuilla on laaja kokonaisuus digitaalisista kommunikointipasseista. Digitaalisesta kommunikointipassista hy\u00f6tyv\u00e4t erityisesti varhaisten keinojen varassa viestiv\u00e4t eli olemuskielell\u00e4 viestiv\u00e4t ihmiset, joiden vuorovaikutusta ja erityisi\u00e4 tarpeita voi olla vaikea kuvailla [&hellip;]","protected":false},"author":13,"featured_media":620,"comment_status":"open","ping_status":"open","sticky":false,"template":"","format":"standard","meta":{"footnotes":""},"categories":[5],"tags":[],"class_list":["post-621","post","type-post","status-publish","format-standard","has-post-thumbnail","hentry","category-ajankohtaista"],"_links":{"self":[{"href":"https:\/\/www.kehitysvammaliitto.fi\/tikoteekki\/wp-json\/wp\/v2\/posts\/621","targetHints":{"allow":["GET"]}}],"collection":[{"href":"https:\/\/www.kehitysvammaliitto.fi\/tikoteekki\/wp-json\/wp\/v2\/posts"}],"about":[{"href":"https:\/\/www.kehitysvammaliitto.fi\/tikoteekki\/wp-json\/wp\/v2\/types\/post"}],"author":[{"embeddable":true,"href":"https:\/\/www.kehitysvammaliitto.fi\/tikoteekki\/wp-json\/wp\/v2\/users\/13"}],"replies":[{"embeddable":true,"href":"https:\/\/www.kehitysvammaliitto.fi\/tikoteekki\/wp-json\/wp\/v2\/comments?post=621"}],"version-history":[{"count":0,"href":"https:\/\/www.kehitysvammaliitto.fi\/tikoteekki\/wp-json\/wp\/v2\/posts\/621\/revisions"}],"wp:featuredmedia":[{"embeddable":true,"href":"https:\/\/www.kehitysvammaliitto.fi\/tikoteekki\/wp-json\/wp\/v2\/media\/620"}],"wp:attachment":[{"href":"https:\/\/www.kehitysvammaliitto.fi\/tikoteekki\/wp-json\/wp\/v2\/media?parent=621"}],"wp:term":[{"taxonomy":"category","embeddable":true,"href":"https:\/\/www.kehitysvammaliitto.fi\/tikoteekki\/wp-json\/wp\/v2\/categories?post=621"},{"taxonomy":"post_tag","embeddable":true,"href":"https:\/\/www.kehitysvammaliitto.fi\/tikoteekki\/wp-json\/wp\/v2\/tags?post=621"}],"curies":[{"name":"wp","href":"https:\/\/api.w.org\/{rel}","templated":true}]}}