{"id":652,"date":"2020-04-01T08:44:10","date_gmt":"2020-04-01T05:44:10","guid":{"rendered":"https:\/\/www.kehitysvammaliitto.fi\/tikoteekki\/tietoa-ja-materiaalia-koronaviruksesta-kuvilla-ja-selkokielella\/"},"modified":"2020-06-05T15:55:28","modified_gmt":"2020-06-05T12:55:28","slug":"tietoa-ja-materiaalia-koronaviruksesta-kuvilla-ja-selkokielella","status":"publish","type":"post","link":"https:\/\/www.kehitysvammaliitto.fi\/tikoteekki\/tietoa-ja-materiaalia-koronaviruksesta-kuvilla-ja-selkokielella\/","title":{"rendered":"Tietoa ja materiaalia koronaviruksesta kuvilla ja selkokielell\u00e4"},"content":{"rendered":"<p>Kehitysvammaliiton verkkosivuilla on ajankohtaista tietoa koronaviruksesta selkokielell\u00e4 ja kuvilla tuettuna. Tietoa p\u00e4ivitet\u00e4\u00e4n tilanteen edetess\u00e4.<\/p><p><a href=\"https:\/\/verneri.net\/selko\/terveys-ja-liikunta\/koronavirus\/\" target=\"_blank\" rel=\"noopener noreferrer\">Vernerin selkosivut<\/a><\/p><p><a href=\"https:\/\/verneri.net\/selko\/verkko-kerttu\/\" target=\"_blank\" rel=\"noopener noreferrer\">Verneri-sivuston Verkko-Kerttu vastailee kysymyksiin<\/a><\/p><p>Selkosanomien kuvauutisia julkaistaan aiheesta sek\u00e4 suomeksi ett\u00e4 ruotsiksi:<br>\r\n<a href=\"https:\/\/selkosanomat.fi\/kuva\/\" target=\"_blank\" rel=\"noopener noreferrer\">Kuvauutiset suomeksi<\/a> <br>\r\n<a href=\"https:\/\/ll-bladet.fi\/\" target=\"_blank\" rel=\"noopener noreferrer\">Kuvauutiset ruotsiksi<\/a><\/p><p>Papunetista l\u00f6ytyy kuvallista materiaalia suomeksi ja ruotsiksi. Lis\u00e4\u00e4 p\u00e4ivitet\u00e4\u00e4n jatkossa.<br>\r\n<a href=\"http:\/\/papunet.net\/materiaalia\/koronavirus\" target=\"_blank\" rel=\"noopener noreferrer\">Kuvallista materiaalia suomeksi<\/a><br>\r\n<a href=\"http:\/\/papunet.net\/svenska\/material\/coronavirus\" target=\"_blank\" rel=\"noopener noreferrer\">Kuvallista materiaalia ruotsiksi<\/a><\/p><p><img loading=\"lazy\" decoding=\"async\" width=\"500\" height=\"347\" class=\"alignnone wp-image-659 size-full img-responsive\" src=\"https:\/\/www.kehitysvammaliitto.fi\/tikoteekki\/wp-content\/uploads\/sites\/2\/2020\/04\/Kuvataulu-tehohoitoon.jpg\" alt=\"\" srcset=\"https:\/\/www.kehitysvammaliitto.fi\/tikoteekki\/wp-content\/uploads\/sites\/2\/2020\/04\/Kuvataulu-tehohoitoon.jpg 500w, https:\/\/www.kehitysvammaliitto.fi\/tikoteekki\/wp-content\/uploads\/sites\/2\/2020\/04\/Kuvataulu-tehohoitoon-300x208.jpg 300w\" sizes=\"auto, (max-width: 500px) 100vw, 500px\" \/><\/p><p>Keskustelutaulu tehohoitoon l\u00f6ytyy osoitteesta papunet.net\/materiaalia\/koronavirus. Taulun voi ladata joko pdf- tai PowerPoint-muodossa.<\/p>\n\n","protected":false},"excerpt":{"rendered":"Kehitysvammaliiton verkkosivuilla on ajankohtaista tietoa koronaviruksesta selkokielell\u00e4 ja kuvilla tuettuna. Tietoa p\u00e4ivitet\u00e4\u00e4n tilanteen edetess\u00e4.Vernerin selkosivutVerneri-sivuston Verkko-Kerttu vastailee kysymyksiinSelkosanomien kuvauutisia julkaistaan aiheesta sek\u00e4 suomeksi ett\u00e4 ruotsiksi: Kuvauutiset suomeksi Kuvauutiset ruotsiksiPapunetista l\u00f6ytyy kuvallista materiaalia suomeksi ja ruotsiksi. Lis\u00e4\u00e4 p\u00e4ivitet\u00e4\u00e4n jatkossa. Kuvallista materiaalia suomeksi Kuvallista materiaalia ruotsiksiKeskustelutaulu tehohoitoon l\u00f6ytyy osoitteesta papunet.net\/materiaalia\/koronavirus. Taulun voi ladata joko pdf- tai PowerPoint-muodossa.","protected":false},"author":13,"featured_media":651,"comment_status":"open","ping_status":"open","sticky":false,"template":"","format":"standard","meta":{"footnotes":""},"categories":[5],"tags":[16],"class_list":["post-652","post","type-post","status-publish","format-standard","has-post-thumbnail","hentry","category-ajankohtaista","tag-koronavirus"],"_links":{"self":[{"href":"https:\/\/www.kehitysvammaliitto.fi\/tikoteekki\/wp-json\/wp\/v2\/posts\/652","targetHints":{"allow":["GET"]}}],"collection":[{"href":"https:\/\/www.kehitysvammaliitto.fi\/tikoteekki\/wp-json\/wp\/v2\/posts"}],"about":[{"href":"https:\/\/www.kehitysvammaliitto.fi\/tikoteekki\/wp-json\/wp\/v2\/types\/post"}],"author":[{"embeddable":true,"href":"https:\/\/www.kehitysvammaliitto.fi\/tikoteekki\/wp-json\/wp\/v2\/users\/13"}],"replies":[{"embeddable":true,"href":"https:\/\/www.kehitysvammaliitto.fi\/tikoteekki\/wp-json\/wp\/v2\/comments?post=652"}],"version-history":[{"count":0,"href":"https:\/\/www.kehitysvammaliitto.fi\/tikoteekki\/wp-json\/wp\/v2\/posts\/652\/revisions"}],"wp:featuredmedia":[{"embeddable":true,"href":"https:\/\/www.kehitysvammaliitto.fi\/tikoteekki\/wp-json\/wp\/v2\/media\/651"}],"wp:attachment":[{"href":"https:\/\/www.kehitysvammaliitto.fi\/tikoteekki\/wp-json\/wp\/v2\/media?parent=652"}],"wp:term":[{"taxonomy":"category","embeddable":true,"href":"https:\/\/www.kehitysvammaliitto.fi\/tikoteekki\/wp-json\/wp\/v2\/categories?post=652"},{"taxonomy":"post_tag","embeddable":true,"href":"https:\/\/www.kehitysvammaliitto.fi\/tikoteekki\/wp-json\/wp\/v2\/tags?post=652"}],"curies":[{"name":"wp","href":"https:\/\/api.w.org\/{rel}","templated":true}]}}