{"id":703,"date":"2020-09-21T09:04:58","date_gmt":"2020-09-21T06:04:58","guid":{"rendered":"https:\/\/www.kehitysvammaliitto.fi\/tikoteekki\/studia-aac-kommunikoinnin-apuvalineilla-kayty-keskustelu\/"},"modified":"2020-09-21T09:04:58","modified_gmt":"2020-09-21T06:04:58","slug":"studia-aac-kommunikoinnin-apuvalineilla-kayty-keskustelu","status":"publish","type":"post","link":"https:\/\/www.kehitysvammaliitto.fi\/tikoteekki\/studia-aac-kommunikoinnin-apuvalineilla-kayty-keskustelu\/","title":{"rendered":"STUDIA AAC: Kommunikoinnin apuv\u00e4lineill\u00e4 k\u00e4yty keskustelu"},"content":{"rendered":"<p>Tikoteekki j\u00e4rjest\u00e4\u00e4 Puhevammaisten viikolla perjantaina 9.10. klo 12.30 \u201314.00 Studia AAC-keskustelutilaisuuden Facebook Livess\u00e4. Tilaisuudessa haastatellaan FT Irina Savolaista h\u00e4nen tekem\u00e4st\u00e4\u00e4n tutkimuksesta ja v\u00e4it\u00f6skirjasta, jonka aiheena on kommunikoinnin apuv\u00e4lineell\u00e4 k\u00e4ytyjen keskustelujen eteneminen. <br>\r\nVastoin kansainv\u00e4lisess\u00e4 tutkimuksessa vallalla olevaa k\u00e4sityst\u00e4 puhevammaiset lapset ja nuoret olivat Savolaisen tutkimuksen mukaan aktiivisia keskustelijoita. Monissa keskusteluissa puhevammaiset lapset ja nuoret olivat enemm\u00e4n \u201d\u00e4\u00e4ness\u00e4\u201d kuin heid\u00e4n puhuvat kumppaninsa ja v\u00e4lill\u00e4 vuoroista jopa kilpailtiin. <\/p><p>Tilaisuuden j\u00e4lkeen tallenne on katsottavissa Tikoteekin FB-sivuilla.<\/p><p><strong>Linkki:<\/strong> <a href=\"https:\/\/fi-fi.facebook.com\/Tikoteekki\" target=\"_blank\" rel=\"noopener noreferrer\">https:\/\/fi-fi.facebook.com\/Tikoteekki<\/a><\/p>\n\n","protected":false},"excerpt":{"rendered":"Tikoteekki j\u00e4rjest\u00e4\u00e4 Puhevammaisten viikolla perjantaina 9.10. klo 12.30 \u201314.00 Studia AAC-keskustelutilaisuuden Facebook Livess\u00e4. Tilaisuudessa haastatellaan FT Irina Savolaista h\u00e4nen tekem\u00e4st\u00e4\u00e4n tutkimuksesta ja v\u00e4it\u00f6skirjasta, jonka aiheena on kommunikoinnin apuv\u00e4lineell\u00e4 k\u00e4ytyjen keskustelujen eteneminen. Vastoin kansainv\u00e4lisess\u00e4 tutkimuksessa vallalla olevaa k\u00e4sityst\u00e4 puhevammaiset lapset ja nuoret olivat Savolaisen tutkimuksen mukaan aktiivisia keskustelijoita. Monissa keskusteluissa puhevammaiset lapset ja nuoret olivat enemm\u00e4n [&hellip;]","protected":false},"author":13,"featured_media":702,"comment_status":"open","ping_status":"open","sticky":false,"template":"","format":"standard","meta":{"footnotes":""},"categories":[5],"tags":[],"class_list":["post-703","post","type-post","status-publish","format-standard","has-post-thumbnail","hentry","category-ajankohtaista"],"_links":{"self":[{"href":"https:\/\/www.kehitysvammaliitto.fi\/tikoteekki\/wp-json\/wp\/v2\/posts\/703","targetHints":{"allow":["GET"]}}],"collection":[{"href":"https:\/\/www.kehitysvammaliitto.fi\/tikoteekki\/wp-json\/wp\/v2\/posts"}],"about":[{"href":"https:\/\/www.kehitysvammaliitto.fi\/tikoteekki\/wp-json\/wp\/v2\/types\/post"}],"author":[{"embeddable":true,"href":"https:\/\/www.kehitysvammaliitto.fi\/tikoteekki\/wp-json\/wp\/v2\/users\/13"}],"replies":[{"embeddable":true,"href":"https:\/\/www.kehitysvammaliitto.fi\/tikoteekki\/wp-json\/wp\/v2\/comments?post=703"}],"version-history":[{"count":0,"href":"https:\/\/www.kehitysvammaliitto.fi\/tikoteekki\/wp-json\/wp\/v2\/posts\/703\/revisions"}],"wp:featuredmedia":[{"embeddable":true,"href":"https:\/\/www.kehitysvammaliitto.fi\/tikoteekki\/wp-json\/wp\/v2\/media\/702"}],"wp:attachment":[{"href":"https:\/\/www.kehitysvammaliitto.fi\/tikoteekki\/wp-json\/wp\/v2\/media?parent=703"}],"wp:term":[{"taxonomy":"category","embeddable":true,"href":"https:\/\/www.kehitysvammaliitto.fi\/tikoteekki\/wp-json\/wp\/v2\/categories?post=703"},{"taxonomy":"post_tag","embeddable":true,"href":"https:\/\/www.kehitysvammaliitto.fi\/tikoteekki\/wp-json\/wp\/v2\/tags?post=703"}],"curies":[{"name":"wp","href":"https:\/\/api.w.org\/{rel}","templated":true}]}}