{"id":704,"date":"2020-09-20T13:41:10","date_gmt":"2020-09-20T10:41:10","guid":{"rendered":"https:\/\/www.kehitysvammaliitto.fi\/tikoteekki\/puhevammaisten-viikolla-luodaan-mahdollisuuksia\/"},"modified":"2020-10-20T08:18:32","modified_gmt":"2020-10-20T05:18:32","slug":"puhevammaisten-viikolla-luodaan-mahdollisuuksia","status":"publish","type":"post","link":"https:\/\/www.kehitysvammaliitto.fi\/tikoteekki\/puhevammaisten-viikolla-luodaan-mahdollisuuksia\/","title":{"rendered":"Puhevammaisten viikolla luodaan mahdollisuuksia"},"content":{"rendered":"<p>Puhevammaisten viikkoa vietet\u00e4\u00e4n t\u00e4n\u00e4 vuonna 5.-11.10.2020 teemalla Luodaan mahdollisuuksia. Samaan aikaan ja samalla teemalla vietet\u00e4\u00e4n my\u00f6s Voimauttava vuorovaikutus -viikkoa.<\/p><p>Puhevammaisten viikko tuo esiin tietoa, puhevammaisten omaa \u00e4\u00e4nt\u00e4, tarinoita ja onnistuneita apuv\u00e4lineratkaisuja, joiden avulla puhevammaiset ihmiset voivat osallistua yhteiskunnan normaaliin toimintaan.<\/p><p>T\u00e4n\u00e4 vuonna tapahtumia ja tiedotusta v\u00e4litet\u00e4\u00e4n p\u00e4\u00e4asiassa verkon kautta. Tulossa on my\u00f6s eri tahojen tuottamia videoita. Verkkotapahtumat on koottu <a href=\"https:\/\/www.puhevammaistenviikko.fi\/tapahtumat\/\" target=\"_blank\" rel=\"noopener noreferrer\">Puhevammaisten viikon verkkosivuille<\/a>. Viikkoa kannattaa seurata my\u00f6s <a href=\"https:\/\/www.facebook.com\/Puhevammaistenviikko\/\" target=\"_blank\" rel=\"noopener noreferrer\">Facebookissa<\/a>.<\/p><p>Puhevammaisten viikkoa koordinoi Kehitysvammaliiton tietotekniikka- ja kommunikaatiokeskus Tikoteekki. Yhteisty\u00f6kumppaneina ovat lukuisat puhevamma-alan j\u00e4rjest\u00f6t ja muut toimijat.<\/p>\n\n","protected":false},"excerpt":{"rendered":"Puhevammaisten viikkoa vietet\u00e4\u00e4n t\u00e4n\u00e4 vuonna 5.-11.10.2020 teemalla Luodaan mahdollisuuksia. Samaan aikaan ja samalla teemalla vietet\u00e4\u00e4n my\u00f6s Voimauttava vuorovaikutus -viikkoa.Puhevammaisten viikko tuo esiin tietoa, puhevammaisten omaa \u00e4\u00e4nt\u00e4, tarinoita ja onnistuneita apuv\u00e4lineratkaisuja, joiden avulla puhevammaiset ihmiset voivat osallistua yhteiskunnan normaaliin toimintaan.T\u00e4n\u00e4 vuonna tapahtumia ja tiedotusta v\u00e4litet\u00e4\u00e4n p\u00e4\u00e4asiassa verkon kautta. Tulossa on my\u00f6s eri tahojen tuottamia videoita. Verkkotapahtumat [&hellip;]","protected":false},"author":13,"featured_media":383,"comment_status":"open","ping_status":"open","sticky":false,"template":"","format":"standard","meta":{"footnotes":""},"categories":[5],"tags":[],"class_list":["post-704","post","type-post","status-publish","format-standard","has-post-thumbnail","hentry","category-ajankohtaista"],"_links":{"self":[{"href":"https:\/\/www.kehitysvammaliitto.fi\/tikoteekki\/wp-json\/wp\/v2\/posts\/704","targetHints":{"allow":["GET"]}}],"collection":[{"href":"https:\/\/www.kehitysvammaliitto.fi\/tikoteekki\/wp-json\/wp\/v2\/posts"}],"about":[{"href":"https:\/\/www.kehitysvammaliitto.fi\/tikoteekki\/wp-json\/wp\/v2\/types\/post"}],"author":[{"embeddable":true,"href":"https:\/\/www.kehitysvammaliitto.fi\/tikoteekki\/wp-json\/wp\/v2\/users\/13"}],"replies":[{"embeddable":true,"href":"https:\/\/www.kehitysvammaliitto.fi\/tikoteekki\/wp-json\/wp\/v2\/comments?post=704"}],"version-history":[{"count":0,"href":"https:\/\/www.kehitysvammaliitto.fi\/tikoteekki\/wp-json\/wp\/v2\/posts\/704\/revisions"}],"wp:featuredmedia":[{"embeddable":true,"href":"https:\/\/www.kehitysvammaliitto.fi\/tikoteekki\/wp-json\/wp\/v2\/media\/383"}],"wp:attachment":[{"href":"https:\/\/www.kehitysvammaliitto.fi\/tikoteekki\/wp-json\/wp\/v2\/media?parent=704"}],"wp:term":[{"taxonomy":"category","embeddable":true,"href":"https:\/\/www.kehitysvammaliitto.fi\/tikoteekki\/wp-json\/wp\/v2\/categories?post=704"},{"taxonomy":"post_tag","embeddable":true,"href":"https:\/\/www.kehitysvammaliitto.fi\/tikoteekki\/wp-json\/wp\/v2\/tags?post=704"}],"curies":[{"name":"wp","href":"https:\/\/api.w.org\/{rel}","templated":true}]}}