{"id":710,"date":"2020-10-20T08:15:58","date_gmt":"2020-10-20T05:15:58","guid":{"rendered":"https:\/\/www.kehitysvammaliitto.fi\/tikoteekki\/tikoteekki-25-vuotta-webinaari\/"},"modified":"2020-11-16T12:34:42","modified_gmt":"2020-11-16T10:34:42","slug":"tikoteekki-25-vuotta-webinaari","status":"publish","type":"post","link":"https:\/\/www.kehitysvammaliitto.fi\/tikoteekki\/tikoteekki-25-vuotta-webinaari\/","title":{"rendered":"Tikoteekki 25 vuotta -webinaari"},"content":{"rendered":"<p><img loading=\"lazy\" decoding=\"async\" width=\"360\" height=\"240\" class=\"alignnone size-full wp-image-709 img-responsive\" src=\"https:\/\/www.kehitysvammaliitto.fi\/tikoteekki\/wp-content\/uploads\/sites\/2\/2020\/10\/Tikoteekki-25-etusivu.jpg\" alt=\"\" srcset=\"https:\/\/www.kehitysvammaliitto.fi\/tikoteekki\/wp-content\/uploads\/sites\/2\/2020\/10\/Tikoteekki-25-etusivu.jpg 360w, https:\/\/www.kehitysvammaliitto.fi\/tikoteekki\/wp-content\/uploads\/sites\/2\/2020\/10\/Tikoteekki-25-etusivu-300x200.jpg 300w\" sizes=\"auto, (max-width: 360px) 100vw, 360px\" \/><\/p><p>Juhlavuoden kunniaksi Tikoteekki j\u00e4rjesti kaikille avoimen, maksuttoman webinaarin 30.10.2020 klo 12.30\u201315.00. Webinaarin p\u00e4\u00e4ohjelmanumerona oli <strong>Dr. David McNaughtonin<\/strong> englanninkielinen luento videopohjaisen VSD:n (Visual Scene Displays) k\u00e4yt\u00f6st\u00e4 ja siihen liittyv\u00e4st\u00e4 tutkimuksesta. Luento oli osa Sillalla 2020 -seminaarin ohjelmaa, mutta sen esitt\u00e4minen peruuntui kev\u00e4\u00e4n koronatilanteen takia. Luentoa ei tulkata suomeksi.<\/p><h3>OHJELMA:<\/h3><p>12.30 Nelj\u00e4nnesvuosisata Tikoteekki-toimintaa<br>\r\n\u2013 Tikoteekin johtaja Eija Roisko muistelee kuvin ja videoin<br>\r\n13.00 \u201dTikoteekin yst\u00e4v\u00e4t\u201d -ryhm\u00e4n performanssi<br>\r\n13.15 Tauko<br>\r\n13.30 \u201dThe Use of Videos with Visual Scene Displays to Support Communication and Participation for Individuals with Complex Communication Needs\u201d<br>\r\n\u2013 Dr. David McNaughtonin (Pennsylvania State University)<br>\r\n14.50 Keskustelua esityksest\u00e4 <br>\r\n15.00 Webinaarin p\u00e4\u00e4t\u00f6s<\/p><p><strong><em>Tervetuloa webinaariin!<\/em><\/strong><\/p>\n\n","protected":false},"excerpt":{"rendered":"Juhlavuoden kunniaksi Tikoteekki j\u00e4rjesti kaikille avoimen, maksuttoman webinaarin 30.10.2020 klo 12.30\u201315.00. Webinaarin p\u00e4\u00e4ohjelmanumerona oli Dr. David McNaughtonin englanninkielinen luento videopohjaisen VSD:n (Visual Scene Displays) k\u00e4yt\u00f6st\u00e4 ja siihen liittyv\u00e4st\u00e4 tutkimuksesta. Luento oli osa Sillalla 2020 -seminaarin ohjelmaa, mutta sen esitt\u00e4minen peruuntui kev\u00e4\u00e4n koronatilanteen takia. Luentoa ei tulkata suomeksi.OHJELMA:12.30 Nelj\u00e4nnesvuosisata Tikoteekki-toimintaa \u2013 Tikoteekin johtaja Eija Roisko muistelee [&hellip;]","protected":false},"author":13,"featured_media":709,"comment_status":"open","ping_status":"open","sticky":false,"template":"","format":"standard","meta":{"footnotes":""},"categories":[5],"tags":[],"class_list":["post-710","post","type-post","status-publish","format-standard","has-post-thumbnail","hentry","category-ajankohtaista"],"_links":{"self":[{"href":"https:\/\/www.kehitysvammaliitto.fi\/tikoteekki\/wp-json\/wp\/v2\/posts\/710","targetHints":{"allow":["GET"]}}],"collection":[{"href":"https:\/\/www.kehitysvammaliitto.fi\/tikoteekki\/wp-json\/wp\/v2\/posts"}],"about":[{"href":"https:\/\/www.kehitysvammaliitto.fi\/tikoteekki\/wp-json\/wp\/v2\/types\/post"}],"author":[{"embeddable":true,"href":"https:\/\/www.kehitysvammaliitto.fi\/tikoteekki\/wp-json\/wp\/v2\/users\/13"}],"replies":[{"embeddable":true,"href":"https:\/\/www.kehitysvammaliitto.fi\/tikoteekki\/wp-json\/wp\/v2\/comments?post=710"}],"version-history":[{"count":0,"href":"https:\/\/www.kehitysvammaliitto.fi\/tikoteekki\/wp-json\/wp\/v2\/posts\/710\/revisions"}],"wp:featuredmedia":[{"embeddable":true,"href":"https:\/\/www.kehitysvammaliitto.fi\/tikoteekki\/wp-json\/wp\/v2\/media\/709"}],"wp:attachment":[{"href":"https:\/\/www.kehitysvammaliitto.fi\/tikoteekki\/wp-json\/wp\/v2\/media?parent=710"}],"wp:term":[{"taxonomy":"category","embeddable":true,"href":"https:\/\/www.kehitysvammaliitto.fi\/tikoteekki\/wp-json\/wp\/v2\/categories?post=710"},{"taxonomy":"post_tag","embeddable":true,"href":"https:\/\/www.kehitysvammaliitto.fi\/tikoteekki\/wp-json\/wp\/v2\/tags?post=710"}],"curies":[{"name":"wp","href":"https:\/\/api.w.org\/{rel}","templated":true}]}}