{"id":715,"date":"2020-11-05T13:19:25","date_gmt":"2020-11-05T11:19:25","guid":{"rendered":"https:\/\/www.kehitysvammaliitto.fi\/tikoteekki\/tikonen-3-2020\/"},"modified":"2020-11-05T13:19:25","modified_gmt":"2020-11-05T11:19:25","slug":"tikonen-3-2020","status":"publish","type":"post","link":"https:\/\/www.kehitysvammaliitto.fi\/tikoteekki\/tikonen-3-2020\/","title":{"rendered":"Tikonen 3\/2020"},"content":{"rendered":"<p>Uusimman Tikosen jutut on nyt luettavissa verkossa! Kiinnostaako sinua, miten Pohjois-Karjalassa on toteutettu et\u00e4tulkkausta? Tai miten paljon tukea tarvitsevia oppilaita voidaan rohkaista keskin\u00e4iseen vuorovaikutukseen? Tikosessa on my\u00f6s juttuja siit\u00e4, mitk\u00e4 asiat ovat keskeisi\u00e4 olemuskielell\u00e4 kommunikoivien ihmisten p\u00e4\u00e4t\u00f6ksenteon tukemisessa ja videopohjaisen VSD:n k\u00e4yt\u00f6st\u00e4 toiminnanohjauksessa ja kommunikoinnissa.<\/p><p>Lis\u00e4ksi verkkolehdess\u00e4 kerrotaan, miten Puhevammaisten Vertaistukiyhdistys ry on aloittamassa toimintaansa, Irina Savolaisen v\u00e4it\u00f6skirjatutkimuksesta, p\u00e4ivitetyst\u00e4 l\u00e4\u00e4kinn\u00e4llisen kuntoutuksen apuv\u00e4lineiden luovutusperusteista sek\u00e4 Ulla Anttilan kirjasta \u201dErityislapsen vanhempana \u2013 voimavaroja hyv\u00e4\u00e4n el\u00e4m\u00e4\u00e4n\u201d.<\/p><p><a href=\"https:\/\/tikonen.fi\/\" target=\"_blank\" rel=\"noopener noreferrer\">Lue lis\u00e4\u00e4 Tikonen-verkkosivuilta<\/a> <\/p>\n\n","protected":false},"excerpt":{"rendered":"Uusimman Tikosen jutut on nyt luettavissa verkossa! Kiinnostaako sinua, miten Pohjois-Karjalassa on toteutettu et\u00e4tulkkausta? Tai miten paljon tukea tarvitsevia oppilaita voidaan rohkaista keskin\u00e4iseen vuorovaikutukseen? Tikosessa on my\u00f6s juttuja siit\u00e4, mitk\u00e4 asiat ovat keskeisi\u00e4 olemuskielell\u00e4 kommunikoivien ihmisten p\u00e4\u00e4t\u00f6ksenteon tukemisessa ja videopohjaisen VSD:n k\u00e4yt\u00f6st\u00e4 toiminnanohjauksessa ja kommunikoinnissa.Lis\u00e4ksi verkkolehdess\u00e4 kerrotaan, miten Puhevammaisten Vertaistukiyhdistys ry on aloittamassa toimintaansa, Irina [&hellip;]","protected":false},"author":13,"featured_media":714,"comment_status":"open","ping_status":"open","sticky":false,"template":"","format":"standard","meta":{"footnotes":""},"categories":[5],"tags":[],"class_list":["post-715","post","type-post","status-publish","format-standard","has-post-thumbnail","hentry","category-ajankohtaista"],"_links":{"self":[{"href":"https:\/\/www.kehitysvammaliitto.fi\/tikoteekki\/wp-json\/wp\/v2\/posts\/715","targetHints":{"allow":["GET"]}}],"collection":[{"href":"https:\/\/www.kehitysvammaliitto.fi\/tikoteekki\/wp-json\/wp\/v2\/posts"}],"about":[{"href":"https:\/\/www.kehitysvammaliitto.fi\/tikoteekki\/wp-json\/wp\/v2\/types\/post"}],"author":[{"embeddable":true,"href":"https:\/\/www.kehitysvammaliitto.fi\/tikoteekki\/wp-json\/wp\/v2\/users\/13"}],"replies":[{"embeddable":true,"href":"https:\/\/www.kehitysvammaliitto.fi\/tikoteekki\/wp-json\/wp\/v2\/comments?post=715"}],"version-history":[{"count":0,"href":"https:\/\/www.kehitysvammaliitto.fi\/tikoteekki\/wp-json\/wp\/v2\/posts\/715\/revisions"}],"wp:featuredmedia":[{"embeddable":true,"href":"https:\/\/www.kehitysvammaliitto.fi\/tikoteekki\/wp-json\/wp\/v2\/media\/714"}],"wp:attachment":[{"href":"https:\/\/www.kehitysvammaliitto.fi\/tikoteekki\/wp-json\/wp\/v2\/media?parent=715"}],"wp:term":[{"taxonomy":"category","embeddable":true,"href":"https:\/\/www.kehitysvammaliitto.fi\/tikoteekki\/wp-json\/wp\/v2\/categories?post=715"},{"taxonomy":"post_tag","embeddable":true,"href":"https:\/\/www.kehitysvammaliitto.fi\/tikoteekki\/wp-json\/wp\/v2\/tags?post=715"}],"curies":[{"name":"wp","href":"https:\/\/api.w.org\/{rel}","templated":true}]}}