{"id":743,"date":"2020-11-19T11:28:19","date_gmt":"2020-11-19T09:28:19","guid":{"rendered":"https:\/\/www.kehitysvammaliitto.fi\/tikoteekki\/tikonen-1-2021\/"},"modified":"2021-06-09T14:36:00","modified_gmt":"2021-06-09T11:36:00","slug":"tikonen-1-2021","status":"publish","type":"post","link":"https:\/\/www.kehitysvammaliitto.fi\/tikoteekki\/tikonen-1-2021\/","title":{"rendered":"Tikonen 1\/2021"},"content":{"rendered":"<p>Tikonen-verkkolehden uusimmassa numerossa Nina Halme pohtii omakohtaisen kokemuksen perusteella voiko puhevammaisuuteen valmistautua, Jaakko Salonen kertoo pitk\u00e4st\u00e4 urastaan Helsingin kaupungilla, Kaisa Laine kirjoittaa puhevammaisuusn\u00e4k\u00f6kulmista kuntoutusuudistukseen ja Marina Green-J\u00e4rvinen antaa skannausvinkkej\u00e4 painettujen tekstien digitalisoimiseen. Tikosessa on my\u00f6s artikkeli Voimauttava vuorovaikutus -toimintamallin teoriataustasta ja tutkimuksesta.<\/p><p><br>\r\n<a href=\"https:\/\/tikonen.fi\/\" target=\"_blank\" rel=\"noopener\">Lue Tikosen artikkelit<\/a><\/p>\n\n","protected":false},"excerpt":{"rendered":"Tikonen-verkkolehden uusimmassa numerossa Nina Halme pohtii omakohtaisen kokemuksen perusteella voiko puhevammaisuuteen valmistautua, Jaakko Salonen kertoo pitk\u00e4st\u00e4 urastaan Helsingin kaupungilla, Kaisa Laine kirjoittaa puhevammaisuusn\u00e4k\u00f6kulmista kuntoutusuudistukseen ja Marina Green-J\u00e4rvinen antaa skannausvinkkej\u00e4 painettujen tekstien digitalisoimiseen. Tikosessa on my\u00f6s artikkeli Voimauttava vuorovaikutus -toimintamallin teoriataustasta ja tutkimuksesta. Lue Tikosen artikkelit","protected":false},"author":13,"featured_media":744,"comment_status":"open","ping_status":"open","sticky":false,"template":"","format":"standard","meta":{"footnotes":""},"categories":[5],"tags":[],"class_list":["post-743","post","type-post","status-publish","format-standard","has-post-thumbnail","hentry","category-ajankohtaista"],"_links":{"self":[{"href":"https:\/\/www.kehitysvammaliitto.fi\/tikoteekki\/wp-json\/wp\/v2\/posts\/743","targetHints":{"allow":["GET"]}}],"collection":[{"href":"https:\/\/www.kehitysvammaliitto.fi\/tikoteekki\/wp-json\/wp\/v2\/posts"}],"about":[{"href":"https:\/\/www.kehitysvammaliitto.fi\/tikoteekki\/wp-json\/wp\/v2\/types\/post"}],"author":[{"embeddable":true,"href":"https:\/\/www.kehitysvammaliitto.fi\/tikoteekki\/wp-json\/wp\/v2\/users\/13"}],"replies":[{"embeddable":true,"href":"https:\/\/www.kehitysvammaliitto.fi\/tikoteekki\/wp-json\/wp\/v2\/comments?post=743"}],"version-history":[{"count":0,"href":"https:\/\/www.kehitysvammaliitto.fi\/tikoteekki\/wp-json\/wp\/v2\/posts\/743\/revisions"}],"wp:featuredmedia":[{"embeddable":true,"href":"https:\/\/www.kehitysvammaliitto.fi\/tikoteekki\/wp-json\/wp\/v2\/media\/744"}],"wp:attachment":[{"href":"https:\/\/www.kehitysvammaliitto.fi\/tikoteekki\/wp-json\/wp\/v2\/media?parent=743"}],"wp:term":[{"taxonomy":"category","embeddable":true,"href":"https:\/\/www.kehitysvammaliitto.fi\/tikoteekki\/wp-json\/wp\/v2\/categories?post=743"},{"taxonomy":"post_tag","embeddable":true,"href":"https:\/\/www.kehitysvammaliitto.fi\/tikoteekki\/wp-json\/wp\/v2\/tags?post=743"}],"curies":[{"name":"wp","href":"https:\/\/api.w.org\/{rel}","templated":true}]}}