{"id":956,"date":"2023-03-08T09:40:58","date_gmt":"2023-03-08T07:40:58","guid":{"rendered":"https:\/\/www.kehitysvammaliitto.fi\/tikoteekki\/puhevammaisten-asiain-neuvottelukunnan-kannanotto-hallitusohjelmaan\/"},"modified":"2023-03-08T13:05:29","modified_gmt":"2023-03-08T11:05:29","slug":"puhevammaisten-asiain-neuvottelukunnan-kannanotto-hallitusohjelmaan","status":"publish","type":"post","link":"https:\/\/www.kehitysvammaliitto.fi\/tikoteekki\/puhevammaisten-asiain-neuvottelukunnan-kannanotto-hallitusohjelmaan\/","title":{"rendered":"Puhevammaisten asiain neuvottelukunnan kannanotto hallitusohjelmaan"},"content":{"rendered":"<h2>Kannanotto hallitusohjelmaan<\/h2><p>Puhevammaisten asiain neuvottelukunnan j\u00e4senet <em>Aivoliitto ry, FDUV ry, Erilaisten oppijoiden liitto ry, Kehitysvammaisten Tukiliitto ry, Kehitysvammaliitto ry, Puhevammaisten Vertaistukiyhdistys ry <\/em>ja<em> Suomen CP-liitto ry<\/em> esit\u00e4mme, ett\u00e4 uuteen hallitusohjelmaan <em><strong>sis\u00e4llytet\u00e4\u00e4n puhevammaisten ihmisten lukum\u00e4\u00e4r\u00e4n selvitt\u00e4minen<\/strong><\/em>.<\/p><h3>Kommunikointi on ihmisoikeus<\/h3><p>Yhteiskunnan tulisi olla yhdenvertainen kaikille. Puhevammaiset ihmiset ovat kuitenkin kertoneet kansalaisj\u00e4rjest\u00f6ille toistuvista heihin kohdistuvista loukkauksista, joita on k\u00e4sitelty Puhevammaisten asiain neuvottelukunnassa. Puhevammaiset ihmiset sivuutetaan heit\u00e4 itse\u00e4 koskevissa henkil\u00f6kohtaisissa asioissa.<\/p><p>Vammaisten ihmisten el\u00e4m\u00e4\u00e4 koskeva lains\u00e4\u00e4d\u00e4nt\u00f6 on suurten muutosten alla. Puhevammaisten ihmisten huomioimista lains\u00e4\u00e4d\u00e4nn\u00f6ss\u00e4 ja palveluissa haittaa se, ett\u00e4 heid\u00e4n lukum\u00e4\u00e4r\u00e4st\u00e4\u00e4n ei ole tehty selvityst\u00e4. Viimeisin arvio, 65\u00a0000, on tehty 20 vuotta sitten yhdess\u00e4 puhevamma-alan j\u00e4rjest\u00f6jen kanssa. Sittemmin on todettu, ett\u00e4 lukum\u00e4\u00e4r\u00e4 on reilusti alakanttiin eik\u00e4 sis\u00e4ll\u00e4 aivoverenkiertoh\u00e4iri\u00f6iden, muistisairauksien tai lasten kielih\u00e4iri\u00f6n aiheuttamaa toimintakyvyn merkitt\u00e4v\u00e4\u00e4 alenemaa kommunikoinnin osalta. WHO:n kansainv\u00e4lisiin laskelmiin suhteutettuna puhevammaisten ihmisten lukum\u00e4\u00e4r\u00e4 Suomessa olisi v\u00e4hint\u00e4\u00e4n 120\u00a0000.<\/p><h3>Puhevammaisuuden kirjon m\u00e4\u00e4rittely on perusta lukum\u00e4\u00e4r\u00e4n selvitt\u00e4miselle<\/h3><p>Puhevammaisuuden k\u00e4sitett\u00e4 on m\u00e4\u00e4ritelty uudelleen 2022\u20132023 yhdess\u00e4 puhevammaisten ihmisten, puhevamma-alan j\u00e4rjest\u00f6jen ja muiden toimijoiden kanssa. Uudelleen m\u00e4\u00e4rittely oli tarpeellista, koska alkuper\u00e4inen m\u00e4\u00e4ritelm\u00e4 oli 1990-luvulta eik\u00e4 huomioinut laajasti toimintakyvyn eri osa-alueita.<\/p><p>Puhevamma vaikuttaa sosiaaliseen toimintakykyyn rajoittamalla osallistumista ja kommunikointia. Rajoitteita voi olla puheen tuotossa, sen ymm\u00e4rt\u00e4misess\u00e4 tai vuorovaikutukseen osallistumisessa. My\u00f6s lukeminen ja kirjoittaminen voi olla vaikeaa.<\/p><p>Puhevamman taustalla on jokin neurologinen sairaus tai vamma tai muu toimintakykyyn vaikuttava pysyv\u00e4 tai tilap\u00e4inen h\u00e4iri\u00f6 tai ominaisuus. H\u00e4iri\u00f6 voi olla synnynn\u00e4inen tai my\u00f6hemmin kehittyv\u00e4, ja haitan vaikeusaste vaihtelee runsaasti. Haitan vaikutukset vaihtelevat riippuen ymp\u00e4rist\u00f6n asettamista esteist\u00e4, eri tilanteista ja niihin osallistuvista muista ihmisist\u00e4 sek\u00e4 ihmisen omasta kokemuksesta. Ihmiset, joilla on puhevamma, ovat hyvin heterogeeninen joukko oirekuvaltaan ja tuen tarpeiltaan. Kirjon laajuuden vuoksi puhevammaan liittyv\u00e4 termist\u00f6 on edelleen vakiintumatta.<\/p><p>Puhevamma johtaa helposti n\u00e4kym\u00e4tt\u00f6myyteen, yksin\u00e4isyyteen, syrj\u00e4ytymiseen ja vaarantaa itsem\u00e4\u00e4r\u00e4\u00e4misen. Kirjoon kuuluvat ihmiset tarvitsevat apua kommunikoinnissa. Apuna voi olla puhetta tukeva ja korvaava kommunikointikeino, toisen ihmisen tuki tai esteet\u00f6n yhteiskunta.<\/p><h3>Tarvitaan selvitys puhevammaisten ihmisten lukum\u00e4\u00e4r\u00e4st\u00e4<\/h3><p>Puhevammaisten ihmisten lukum\u00e4\u00e4r\u00e4\u00e4 ei ole perusteellisesti selvitetty. Uuden hallituksen tulisi sitoutua selvitt\u00e4m\u00e4\u00e4n puhevammaisuuden kirjoon kuuluvien henkil\u00f6iden lukum\u00e4\u00e4r\u00e4 yhdess\u00e4 j\u00e4rjest\u00f6jen kanssa ja tuon tiedon perusteella varmistamaan heille yhdenvertaiset palvelut ja aseman.<\/p><p>Lis\u00e4tietoa:<\/p><ul>\r\n\t<li>Kehitysvammaliitto ry\/Eija Roisko, Tikoteekin johtaja, p. 040\u00a0590 3801<\/li>\r\n\t<li>Puhevammaisten Vertaistukiyhdistys ry\/Satu Rautiainen, puheenjohtaja, satu.rautiainen@dnainternet.net<\/li>\r\n\t<li>Aivoliitto ry\/Mika Pyykk\u00f6, toiminnanjohtaja, 0400 841\u00a0662<\/li>\r\n\t<li>FDUV ry \/ Lisbeth Hemg\u00e5rd, toiminnanjohtaja, 040 526 43 69<\/li>\r\n<\/ul><p><a href=\"https:\/\/www.kehitysvammaliitto.fi\/tikoteekki\/wp-content\/uploads\/sites\/2\/2023\/03\/jarjestojen-kannanotto-puhevammaisten-ihmisten-lukumaara-08-03-2023.pdf\" target=\"_blank\" rel=\"noopener\">Lue ja lataa Puhevammaisten asiain neuvottelukunnan kannanotto hallitusohjelmaan pdf-tiedostona<\/a>.<\/p><p>Espoossa 8.3.2023<\/p><p>Kehitysvammaliitto ry\u00a0\u00a0\u00a0\u00a0\u00a0\u00a0\u00a0\u00a0\u00a0\u00a0\u00a0\u00a0\u00a0\u00a0\u00a0\u00a0\u00a0\u00a0\u00a0\u00a0\u00a0\u00a0\u00a0\u00a0\u00a0\u00a0\u00a0\u00a0\u00a0\u00a0\u00a0\u00a0\u00a0\u00a0\u00a0\u00a0\u00a0 Puhevammaisten Vertaistukiyhdisty ry<br>\r\nSusanna Hintsala\u00a0\u00a0\u00a0\u00a0\u00a0\u00a0\u00a0\u00a0\u00a0\u00a0\u00a0\u00a0\u00a0\u00a0\u00a0\u00a0\u00a0\u00a0\u00a0\u00a0\u00a0\u00a0\u00a0\u00a0\u00a0\u00a0\u00a0\u00a0\u00a0\u00a0\u00a0\u00a0\u00a0\u00a0\u00a0\u00a0\u00a0\u00a0\u00a0\u00a0\u00a0\u00a0\u00a0\u00a0\u00a0\u00a0 Satu Rautiainen<br>\r\ntoiminnanjohtaja\u00a0\u00a0\u00a0\u00a0\u00a0\u00a0\u00a0\u00a0\u00a0\u00a0\u00a0\u00a0\u00a0\u00a0\u00a0\u00a0\u00a0\u00a0\u00a0\u00a0\u00a0\u00a0\u00a0\u00a0\u00a0\u00a0\u00a0\u00a0\u00a0\u00a0\u00a0\u00a0\u00a0\u00a0\u00a0\u00a0\u00a0\u00a0\u00a0\u00a0\u00a0\u00a0\u00a0\u00a0\u00a0\u00a0 puheenjohtaja<br>\r\n<br>\r\n<\/p><p>Aivoliitto ry \u00a0\u00a0\u00a0 \u00a0\u00a0\u00a0\u00a0\u00a0\u00a0\u00a0\u00a0\u00a0\u00a0\u00a0\u00a0\u00a0\u00a0\u00a0\u00a0\u00a0\u00a0\u00a0\u00a0\u00a0\u00a0\u00a0\u00a0\u00a0\u00a0\u00a0\u00a0\u00a0\u00a0\u00a0\u00a0\u00a0\u00a0\u00a0\u00a0\u00a0\u00a0\u00a0\u00a0\u00a0\u00a0\u00a0\u00a0\u00a0\u00a0\u00a0\u00a0\u00a0\u00a0\u00a0 FDUV ry<br>\r\nMika Pyykk\u00f6 \u00a0\u00a0\u00a0\u00a0\u00a0\u00a0\u00a0\u00a0\u00a0\u00a0\u00a0\u00a0\u00a0\u00a0\u00a0\u00a0\u00a0\u00a0\u00a0\u00a0\u00a0\u00a0\u00a0\u00a0\u00a0\u00a0\u00a0\u00a0\u00a0\u00a0\u00a0\u00a0\u00a0\u00a0\u00a0\u00a0\u00a0\u00a0\u00a0\u00a0\u00a0\u00a0\u00a0\u00a0\u00a0\u00a0\u00a0\u00a0\u00a0\u00a0\u00a0\u00a0\u00a0\u00a0 Lisbeth Hemg\u00e5rd<br>\r\ntoiminnanjohtaja\u00a0\u00a0\u00a0\u00a0\u00a0\u00a0\u00a0\u00a0\u00a0\u00a0\u00a0\u00a0\u00a0\u00a0\u00a0\u00a0\u00a0\u00a0\u00a0\u00a0\u00a0\u00a0\u00a0\u00a0\u00a0\u00a0\u00a0\u00a0\u00a0\u00a0\u00a0\u00a0\u00a0\u00a0\u00a0\u00a0\u00a0\u00a0\u00a0\u00a0\u00a0\u00a0\u00a0\u00a0\u00a0\u00a0 toiminnanjohtaja<br>\r\n<br>\r\n<\/p><p>Kehitysvammaisten Tukiliitto ry\u00a0\u00a0\u00a0\u00a0\u00a0\u00a0\u00a0\u00a0\u00a0\u00a0\u00a0\u00a0\u00a0\u00a0\u00a0\u00a0\u00a0\u00a0\u00a0 Suomen CP-liitto ry\u00a0\u00a0\u00a0\u00a0\u00a0\u00a0\u00a0\u00a0\u00a0\u00a0\u00a0\u00a0\u00a0\u00a0\u00a0\u00a0\u00a0 <br>\r\nRisto Burman\u00a0\u00a0\u00a0\u00a0\u00a0\u00a0\u00a0\u00a0\u00a0\u00a0\u00a0\u00a0\u00a0\u00a0\u00a0\u00a0\u00a0\u00a0\u00a0\u00a0\u00a0\u00a0\u00a0\u00a0\u00a0\u00a0\u00a0\u00a0\u00a0\u00a0\u00a0\u00a0\u00a0\u00a0\u00a0\u00a0\u00a0\u00a0\u00a0\u00a0\u00a0\u00a0\u00a0\u00a0\u00a0\u00a0\u00a0\u00a0\u00a0\u00a0\u00a0\u00a0\u00a0 Juha Lappalainen<br>\r\ntoiminnanjohtaja\u00a0\u00a0\u00a0\u00a0\u00a0\u00a0\u00a0\u00a0\u00a0\u00a0\u00a0\u00a0\u00a0\u00a0\u00a0\u00a0\u00a0\u00a0\u00a0\u00a0\u00a0\u00a0\u00a0\u00a0\u00a0\u00a0\u00a0\u00a0\u00a0\u00a0\u00a0\u00a0\u00a0\u00a0\u00a0\u00a0\u00a0\u00a0\u00a0\u00a0\u00a0\u00a0\u00a0\u00a0\u00a0\u00a0 toiminnanjohtaja<\/p><p>Erilaisten oppijoiden liitto ry <br>\r\nSarianna Reinikainen<br>\r\ntoiminnanjohtaja<\/p>\n\n","protected":false},"excerpt":{"rendered":"Kannanotto hallitusohjelmaanPuhevammaisten asiain neuvottelukunnan j\u00e4senet Aivoliitto ry, FDUV ry, Erilaisten oppijoiden liitto ry, Kehitysvammaisten Tukiliitto ry, Kehitysvammaliitto ry, Puhevammaisten Vertaistukiyhdistys ry ja Suomen CP-liitto ry esit\u00e4mme, ett\u00e4 uuteen hallitusohjelmaan sis\u00e4llytet\u00e4\u00e4n puhevammaisten ihmisten lukum\u00e4\u00e4r\u00e4n selvitt\u00e4minen.Kommunikointi on ihmisoikeusYhteiskunnan tulisi olla yhdenvertainen kaikille. Puhevammaiset ihmiset ovat kuitenkin kertoneet kansalaisj\u00e4rjest\u00f6ille toistuvista heihin kohdistuvista loukkauksista, joita on k\u00e4sitelty Puhevammaisten asiain [&hellip;]","protected":false},"author":13,"featured_media":958,"comment_status":"open","ping_status":"open","sticky":false,"template":"","format":"standard","meta":{"footnotes":""},"categories":[5],"tags":[],"class_list":["post-956","post","type-post","status-publish","format-standard","has-post-thumbnail","hentry","category-ajankohtaista"],"_links":{"self":[{"href":"https:\/\/www.kehitysvammaliitto.fi\/tikoteekki\/wp-json\/wp\/v2\/posts\/956","targetHints":{"allow":["GET"]}}],"collection":[{"href":"https:\/\/www.kehitysvammaliitto.fi\/tikoteekki\/wp-json\/wp\/v2\/posts"}],"about":[{"href":"https:\/\/www.kehitysvammaliitto.fi\/tikoteekki\/wp-json\/wp\/v2\/types\/post"}],"author":[{"embeddable":true,"href":"https:\/\/www.kehitysvammaliitto.fi\/tikoteekki\/wp-json\/wp\/v2\/users\/13"}],"replies":[{"embeddable":true,"href":"https:\/\/www.kehitysvammaliitto.fi\/tikoteekki\/wp-json\/wp\/v2\/comments?post=956"}],"version-history":[{"count":0,"href":"https:\/\/www.kehitysvammaliitto.fi\/tikoteekki\/wp-json\/wp\/v2\/posts\/956\/revisions"}],"wp:featuredmedia":[{"embeddable":true,"href":"https:\/\/www.kehitysvammaliitto.fi\/tikoteekki\/wp-json\/wp\/v2\/media\/958"}],"wp:attachment":[{"href":"https:\/\/www.kehitysvammaliitto.fi\/tikoteekki\/wp-json\/wp\/v2\/media?parent=956"}],"wp:term":[{"taxonomy":"category","embeddable":true,"href":"https:\/\/www.kehitysvammaliitto.fi\/tikoteekki\/wp-json\/wp\/v2\/categories?post=956"},{"taxonomy":"post_tag","embeddable":true,"href":"https:\/\/www.kehitysvammaliitto.fi\/tikoteekki\/wp-json\/wp\/v2\/tags?post=956"}],"curies":[{"name":"wp","href":"https:\/\/api.w.org\/{rel}","templated":true}]}}